{"id":4504,"date":"2014-07-03T13:26:45","date_gmt":"2014-07-03T10:26:45","guid":{"rendered":"http:\/\/www.sana.sy\/tr\/?p=4504"},"modified":"2014-07-03T15:54:06","modified_gmt":"2014-07-03T12:54:06","slug":"iyi-terorist-ve-kotu-terorist-ayiriminin-tehlikesini-kanitliyor","status":"publish","type":"post","link":"https:\/\/archive.sana.sy\/tr\/?p=4504","title":{"rendered":"\u2018\u0130yi Ter\u00f6rist\u2019 ve \u2018K\u00f6t\u00fc Ter\u00f6rist\u2019 Ay\u0131r\u0131m\u0131n\u0131n Tehlikesini Kan\u0131tl\u0131yor"},"content":{"rendered":"<p>MOSKOVA \u2013 Rusya D\u0131\u015fi\u015fleri Bakan\u0131 Sergey Lavrov ter\u00f6r\u00fcn Ortado\u011fu B\u00f6lgesinde yay\u0131lmas\u0131 ve Irak\u2019ta t\u0131rmanan durumlar\u0131n, kimi devletlerin ter\u00f6ristleri \u2018iyi ter\u00f6rist\u2019 ve k\u00f6t\u00fc ter\u00f6rist\u2019 olarak de\u011ferlendirmeleri tehlikesini yans\u0131tt\u0131\u011f\u0131na dikkat \u00e7ekti.<\/p>\n<p>Fasl\u0131 Mevkida\u015f\u0131 Selahattin Mezvaz ile bug\u00fcn Moskova&#8217;da d\u00fczenledi\u011fi ortak bas\u0131n toplant\u0131s\u0131nda Lavrov; b\u00f6lgede ya\u015fanan bu geli\u015fmelerin herhangi bir \u015fekilde g\u00f6z ard\u0131 edilmesinin, bu gibi de\u011ferlendirmelerde bulunanlara kar\u015f\u0131 olumsuz yans\u0131yaca\u011f\u0131n\u0131 ifade etti.<\/p>\n<p>Lavrov; \u00e7ifte standartl\u0131 politika ve tutumlardan tamamen uzak bir \u015fekilde ter\u00f6rle m\u00fccadelenin \u00f6nemine vurgu yaparken, bunun t\u00fcm devletlerin temel \u00f6nceli\u011fi olmas\u0131 gere\u011finin alt\u0131n\u0131 \u00e7izdi.<\/p>\n","protected":false},"excerpt":{"rendered":"<p>MOSKOVA \u2013 Rusya D\u0131\u015fi\u015fleri Bakan\u0131 Sergey Lavrov ter\u00f6r\u00fcn Ortado\u011fu B\u00f6lgesinde yay\u0131lmas\u0131 ve Irak\u2019ta t\u0131rmanan durumlar\u0131n, kimi devletlerin ter\u00f6ristleri \u2018iyi ter\u00f6rist\u2019 ve k\u00f6t\u00fc ter\u00f6rist\u2019 olarak de\u011ferlendirmeleri tehlikesini yans\u0131tt\u0131\u011f\u0131na dikkat \u00e7ekti. Fasl\u0131 Mevkida\u015f\u0131 Selahattin Mezvaz ile bug\u00fcn Moskova&#8217;da d\u00fczenledi\u011fi ortak bas\u0131n toplant\u0131s\u0131nda Lavrov; b\u00f6lgede ya\u015fanan bu geli\u015fmelerin herhangi bir \u015fekilde g\u00f6z ard\u0131 edilmesinin, bu gibi de\u011ferlendirmelerde bulunanlara &hellip;<\/p>\n","protected":false},"author":1,"featured_media":4532,"comment_status":"closed","ping_status":"closed","sticky":false,"template":"","format":"standard","meta":{"footnotes":""},"categories":[458,459,447,584],"tags":[983],"class_list":["post-4504","post","type-post","status-publish","format-standard","has-post-thumbnail","","category-dunya1","category-haberler-arap-uluslararasi-politika","category-politika","category-yurtdisinda-sana-ofisleri","tag-iyi-terorist-ve-kotu-terorist-ayiriminin-tehlikesini-kanitliyor"],"_links":{"self":[{"href":"https:\/\/archive.sana.sy\/tr\/index.php?rest_route=\/wp\/v2\/posts\/4504","targetHints":{"allow":["GET"]}}],"collection":[{"href":"https:\/\/archive.sana.sy\/tr\/index.php?rest_route=\/wp\/v2\/posts"}],"about":[{"href":"https:\/\/archive.sana.sy\/tr\/index.php?rest_route=\/wp\/v2\/types\/post"}],"author":[{"embeddable":true,"href":"https:\/\/archive.sana.sy\/tr\/index.php?rest_route=\/wp\/v2\/users\/1"}],"replies":[{"embeddable":true,"href":"https:\/\/archive.sana.sy\/tr\/index.php?rest_route=%2Fwp%2Fv2%2Fcomments&post=4504"}],"version-history":[{"count":0,"href":"https:\/\/archive.sana.sy\/tr\/index.php?rest_route=\/wp\/v2\/posts\/4504\/revisions"}],"wp:featuredmedia":[{"embeddable":true,"href":"https:\/\/archive.sana.sy\/tr\/index.php?rest_route=\/wp\/v2\/media\/4532"}],"wp:attachment":[{"href":"https:\/\/archive.sana.sy\/tr\/index.php?rest_route=%2Fwp%2Fv2%2Fmedia&parent=4504"}],"wp:term":[{"taxonomy":"category","embeddable":true,"href":"https:\/\/archive.sana.sy\/tr\/index.php?rest_route=%2Fwp%2Fv2%2Fcategories&post=4504"},{"taxonomy":"post_tag","embeddable":true,"href":"https:\/\/archive.sana.sy\/tr\/index.php?rest_route=%2Fwp%2Fv2%2Ftags&post=4504"}],"curies":[{"name":"wp","href":"https:\/\/api.w.org\/{rel}","templated":true}]}}