{"id":45065,"date":"2015-08-29T19:31:36","date_gmt":"2015-08-29T16:31:36","guid":{"rendered":"http:\/\/sana.sy\/tr\/?p=45065"},"modified":"2015-08-29T19:31:36","modified_gmt":"2015-08-29T16:31:36","slug":"hava-guclerimiz-lazkiye-kirsalinin-kuzeyi-selma-ve-ruvyset-el-kale-bolgelerinde-teroristlerin-toplanma-yerlerini-hedef-alarak-onlarca-teroristi-olu-ve-yarali-dusurdu","status":"publish","type":"post","link":"https:\/\/archive.sana.sy\/tr\/?p=45065","title":{"rendered":"Hava g\u00fc\u00e7lerimiz Lazkiye k\u0131rsal\u0131n\u0131n kuzeyi Selma ve Ruvyset el Kale b\u00f6lgelerinde ter\u00f6ristlerin toplanma yerlerini hedef alarak onlarca ter\u00f6risti \u00f6l\u00fc ve yaral\u0131 d\u00fc\u015f\u00fcrd\u00fc"},"content":{"rendered":"<p>Hava g\u00fc\u00e7lerimiz Lazkiye k\u0131rsal\u0131n\u0131n kuzeyi Selma ve Ruvyset el Kale b\u00f6lgelerinde ter\u00f6ristlerin toplanma yerlerini hedef alarak onlarca ter\u00f6risti \u00f6l\u00fc ve yaral\u0131 d\u00fc\u015f\u00fcrd\u00fc<\/p>\n","protected":false},"excerpt":{"rendered":"<p>Hava g\u00fc\u00e7lerimiz Lazkiye k\u0131rsal\u0131n\u0131n kuzeyi Selma ve Ruvyset el Kale b\u00f6lgelerinde ter\u00f6ristlerin toplanma yerlerini hedef alarak onlarca ter\u00f6risti \u00f6l\u00fc ve yaral\u0131 d\u00fc\u015f\u00fcrd\u00fc<\/p>\n","protected":false},"author":1,"featured_media":0,"comment_status":"closed","ping_status":"closed","sticky":false,"template":"","format":"standard","meta":{"footnotes":""},"categories":[1],"tags":[16466],"class_list":["post-45065","post","type-post","status-publish","format-standard","","category-news-not-sorted","tag-hava-guclerimiz-lazkiye-kirsalinin-kuzeyi-selma-ve-ruvyset-el-kale-bolgelerinde-teroristlerin-toplanma-yerlerini-hedef-alarak-onlarca-teroristi-olu-ve-yarali-dusurdu"],"_links":{"self":[{"href":"https:\/\/archive.sana.sy\/tr\/index.php?rest_route=\/wp\/v2\/posts\/45065","targetHints":{"allow":["GET"]}}],"collection":[{"href":"https:\/\/archive.sana.sy\/tr\/index.php?rest_route=\/wp\/v2\/posts"}],"about":[{"href":"https:\/\/archive.sana.sy\/tr\/index.php?rest_route=\/wp\/v2\/types\/post"}],"author":[{"embeddable":true,"href":"https:\/\/archive.sana.sy\/tr\/index.php?rest_route=\/wp\/v2\/users\/1"}],"replies":[{"embeddable":true,"href":"https:\/\/archive.sana.sy\/tr\/index.php?rest_route=%2Fwp%2Fv2%2Fcomments&post=45065"}],"version-history":[{"count":0,"href":"https:\/\/archive.sana.sy\/tr\/index.php?rest_route=\/wp\/v2\/posts\/45065\/revisions"}],"wp:attachment":[{"href":"https:\/\/archive.sana.sy\/tr\/index.php?rest_route=%2Fwp%2Fv2%2Fmedia&parent=45065"}],"wp:term":[{"taxonomy":"category","embeddable":true,"href":"https:\/\/archive.sana.sy\/tr\/index.php?rest_route=%2Fwp%2Fv2%2Fcategories&post=45065"},{"taxonomy":"post_tag","embeddable":true,"href":"https:\/\/archive.sana.sy\/tr\/index.php?rest_route=%2Fwp%2Fv2%2Ftags&post=45065"}],"curies":[{"name":"wp","href":"https:\/\/api.w.org\/{rel}","templated":true}]}}