{"id":45099,"date":"2015-08-30T10:35:34","date_gmt":"2015-08-30T07:35:34","guid":{"rendered":"http:\/\/www.sana.sy\/tr\/?p=45099"},"modified":"2015-08-30T13:56:29","modified_gmt":"2015-08-30T10:56:29","slug":"sam-emniyet-mudurlugunde-bir-kaynak-teroristlerin-baskentin-sivil-yerlesim-alanlarina-gaddar-saldirilarini-bugun-de-surdurduklerini-ifade-ederken-bu-saldirilarda-bir-kisim-vatandaslarin-isabet-aldigi","status":"publish","type":"post","link":"https:\/\/archive.sana.sy\/tr\/?p=45099","title":{"rendered":"\u015eam Emniyet M\u00fcd\u00fcrl\u00fc\u011f\u00fcnde bir kaynak ter\u00f6ristlerin ba\u015fkentin sivil yerle\u015fim alanlar\u0131na gaddar sald\u0131r\u0131lar\u0131n\u0131 bug\u00fcn de s\u00fcrd\u00fcrd\u00fcklerini ifade ederken, bu sald\u0131r\u0131larda bir k\u0131s\u0131m vatanda\u015flar\u0131n isabet ald\u0131\u011f\u0131na dikkat \u00e7ekti"},"content":{"rendered":"<p>\u015eam Emniyet M\u00fcd\u00fcrl\u00fc\u011f\u00fcnde bir kaynak ter\u00f6ristlerin ba\u015fkentin sivil yerle\u015fim alanlar\u0131na gaddar sald\u0131r\u0131lar\u0131n\u0131 bug\u00fcn de s\u00fcrd\u00fcrd\u00fcklerini ifade ederken, bu sald\u0131r\u0131larda bir k\u0131s\u0131m vatanda\u015flar\u0131n isabet ald\u0131\u011f\u0131na dikkat \u00e7ekti<\/p>\n","protected":false},"excerpt":{"rendered":"<p>\u015eam Emniyet M\u00fcd\u00fcrl\u00fc\u011f\u00fcnde bir kaynak ter\u00f6ristlerin ba\u015fkentin sivil yerle\u015fim alanlar\u0131na gaddar sald\u0131r\u0131lar\u0131n\u0131 bug\u00fcn de s\u00fcrd\u00fcrd\u00fcklerini ifade ederken, bu sald\u0131r\u0131larda bir k\u0131s\u0131m vatanda\u015flar\u0131n isabet ald\u0131\u011f\u0131na dikkat \u00e7ekti<\/p>\n","protected":false},"author":1,"featured_media":0,"comment_status":"closed","ping_status":"closed","sticky":false,"template":"","format":"standard","meta":{"footnotes":""},"categories":[1],"tags":[],"class_list":["post-45099","post","type-post","status-publish","format-standard","","category-news-not-sorted"],"_links":{"self":[{"href":"https:\/\/archive.sana.sy\/tr\/index.php?rest_route=\/wp\/v2\/posts\/45099","targetHints":{"allow":["GET"]}}],"collection":[{"href":"https:\/\/archive.sana.sy\/tr\/index.php?rest_route=\/wp\/v2\/posts"}],"about":[{"href":"https:\/\/archive.sana.sy\/tr\/index.php?rest_route=\/wp\/v2\/types\/post"}],"author":[{"embeddable":true,"href":"https:\/\/archive.sana.sy\/tr\/index.php?rest_route=\/wp\/v2\/users\/1"}],"replies":[{"embeddable":true,"href":"https:\/\/archive.sana.sy\/tr\/index.php?rest_route=%2Fwp%2Fv2%2Fcomments&post=45099"}],"version-history":[{"count":0,"href":"https:\/\/archive.sana.sy\/tr\/index.php?rest_route=\/wp\/v2\/posts\/45099\/revisions"}],"wp:attachment":[{"href":"https:\/\/archive.sana.sy\/tr\/index.php?rest_route=%2Fwp%2Fv2%2Fmedia&parent=45099"}],"wp:term":[{"taxonomy":"category","embeddable":true,"href":"https:\/\/archive.sana.sy\/tr\/index.php?rest_route=%2Fwp%2Fv2%2Fcategories&post=45099"},{"taxonomy":"post_tag","embeddable":true,"href":"https:\/\/archive.sana.sy\/tr\/index.php?rest_route=%2Fwp%2Fv2%2Ftags&post=45099"}],"curies":[{"name":"wp","href":"https:\/\/api.w.org\/{rel}","templated":true}]}}