{"id":45108,"date":"2015-08-30T18:16:32","date_gmt":"2015-08-30T15:16:32","guid":{"rendered":"http:\/\/sana.sy\/tr\/?p=45108"},"modified":"2015-08-31T15:50:28","modified_gmt":"2015-08-31T12:50:28","slug":"ordu-birliklerimiz-terore-karsi-amansiz-operasyonlarini-araliksiz-surduruyor","status":"publish","type":"post","link":"https:\/\/archive.sana.sy\/tr\/?p=45108","title":{"rendered":"Ordu Birliklerimiz Ter\u00f6re Kar\u015f\u0131 Amans\u0131z Operasyonlar\u0131n\u0131 Aral\u0131ks\u0131z S\u00fcrd\u00fcr\u00fcyor"},"content":{"rendered":"<p>\u0130LLER \u2013 Vatan koruyucular\u0131m\u0131z yurdun muhtelif b\u00f6lgelerinde d\u0131\u015f desteklerin deste\u011fi ve talimatlar\u0131yla faaliyet g\u00f6steren ve adlar\u0131 muhtelif \u00f6zleri ayn\u0131 olan ter\u00f6r \u00f6rg\u00fctlere karl\u0131 amans\u0131z eylemlerini aral\u0131ks\u0131z olarak s\u00fcrd\u00fcr\u00fcyor.<\/p>\n<p><span style=\"color: #0000ff\">\u0130DL\u0130B:<\/span><\/p>\n<p>\u0130dlib k\u0131rsal\u0131nda katil Erdo\u011fan ve rejiminin muhtelif yerlerden toplay\u0131p \u2018Fetih Ordusu ad\u0131 alt\u0131nda te\u015fkil etti\u011fi ter\u00f6r gruplar\u0131na kar\u015f\u0131 operasyonlar\u0131n\u0131 s\u00fcrd\u00fcren ordu birliklerimizden bir kaynak; tekfirci ve vatan hainlerin bug\u00fcn de a\u011f\u0131r darbeler ald\u0131klar\u0131n\u0131 s\u00f6yledi.<\/p>\n<p>\u0130dlib k\u0131rsal\u0131n\u0131n Fua ve Kefrayya beldeleri civar\u0131nda \u2018Fetih Ordusu\u2019 ad\u0131 alt\u0131nda yay\u0131lan ve bir k\u0131sm\u0131 yabanc\u0131lardan olu\u015fan ter\u00f6ristlerin mevkilerini bombalayan hava g\u00fc\u00e7lerimiz; sivil b\u00f6lgeleri hedef almada kulland\u0131klar\u0131 havan toplar\u0131 ve f\u00fcze rampalar\u0131n\u0131 ter\u00f6rist ekipleriyle birlikte etkisizle\u015ftirdi.<\/p>\n<p>Hava g\u00fc\u00e7lerimiz \u0130dlib Kentinin yakla\u015f\u0131k 50 km g\u00fcneydo\u011fusuna d\u00fc\u015fen Bra\u011fiyti, Hmeymat, Savva\u011fiye, H\u015feyr ve Tel el Lavz k\u00f6ylerine ek olarak Ebu el Zuhur Havaliman\u0131 civar\u0131nda da yine Erdo\u011fan \u00e7eteleri \u2018Fetih Ordusu\u2019nun toplanma yerleri ve ara\u00e7lar\u0131n\u0131 imha ederken, bu \u00e7eteleri say\u0131, ara\u00e7 ve cephaneleriyle olduk\u00e7a b\u00fcy\u00fck kay\u0131plara u\u011fratt\u0131.<\/p>\n<p>\u0130dlib k\u0131rsal\u0131n\u0131n g\u00fcneyi Muarratunuman, Muarrathurma, Kfarnubbul, Hes, Temania, Ftayra, Kfeyr ve Ayn Laroz\u2019un bat\u0131s\u0131nda ise hava g\u00fc\u00e7lerimiz \u2018Fetih Ordusu\u2019 \u00e7etelerine kar\u015f\u0131 yine ba\u015far\u0131l\u0131 operasyonlarda bulundu.<\/p>\n<p>Bu arada ordu birliklerimiz \u0130dlib k\u0131rsal\u0131n\u0131n Enb K\u00f6y\u00fcnde Kaide \u00d6rg\u00fct\u00fcn\u00fcn Suriye kolu olan ve \u2018Fetih Ordusu\u2019nun ba\u015fl\u0131ca bile\u015fenlerinden biri say\u0131lan Nusra Cephesinin bir e\u011fitim kamp\u0131n\u0131 tamamen yerle bir etti. Saha kaynaklar\u0131 operasyonda ter\u00f6r kamp\u0131n\u0131n i\u00e7indeki onlarca ter\u00f6ristle birlikte tamamen bertaraf edilmesiyle ter\u00f6ristlerin telsiz cihazlar\u0131nda imdat ve feryat seslerinin y\u00fckseldi\u011fini ifade etti.<\/p>\n<p>\u00d6te yandan \u0130dlib k\u0131rsal\u0131n\u0131n Merata Beldesinin g\u00fcneyinde ordu birliklerimiz Hama k\u0131rsal\u0131n\u0131n \u011eab Vadisindeki ter\u00f6r \u00e7etelere destek ama\u00e7l\u0131 seyir eden 4 a\u011f\u0131r askeri arac\u0131 ta\u015f\u0131d\u0131\u011f\u0131 ter\u00f6rist ve cephaneyle birlikte tamamen imha etti.<\/p>\n<p>G\u00fcn\u00fcn ilerleyen saatlerinde SANA\u2019ya a\u00e7\u0131klama yapan askeri kaynak hava g\u00fc\u00e7lerimizin \u0130dlib k\u0131rsal\u0131nda Ebu el Zuhur Havaliman\u0131n\u0131n civar\u0131, Ennib, Tel Hemke ve Friyke b\u00f6lgelerinde \u2018Fetih Ordusu\u2019 \u00e7etelerinin ara\u00e7 ve mevkilerini yeniden hedef ald\u0131klar\u0131n\u0131 belirtirken, bu operasyonlarda y\u00fcksek say\u0131da ter\u00f6ristin ara\u00e7 ve cephaneleriyle imha edildiklerini aktard\u0131.<\/p>\n<p>Ter\u00f6r \u00e7eteleri medya ara\u00e7lar\u0131nda Temania Beldesindeki operasyonlar s\u0131ras\u0131nda az\u0131l\u0131 ter\u00f6r eleba\u015f\u0131 Mahir el Tamir\u2019in grubundaki bir\u00e7ok ter\u00f6ristle birlikte \u00f6ld\u00fcr\u00fcld\u00fc\u011f\u00fcn\u00fc itiraf etti.<\/p>\n<p>Ordu birliklerimizin operasyonlar\u0131 haricinde \u0130dlib k\u0131rsal\u0131n\u0131n Salkin Beldesinde Nusra Cephesinin \u2018Darulkada\u2019 ad\u0131n\u0131 verdikleri tekfirci ter\u00f6r karargah\u0131 intihar eylemcisi bir ter\u00f6rist taraf\u0131ndan hedef al\u0131nd\u0131. Yerel kaynaklar eylemde Nusra Cephesinden 13 ter\u00f6ristin \u00f6ld\u00fc\u011f\u00fcn\u00fc aktard\u0131.<\/p>\n<p><span style=\"color: #0000ff\">HAMA:<\/span><\/p>\n<p>Hama k\u0131rsal\u0131nda da T\u00fcrkiye\u2019deki rejimin \u2018Fetih Ordusu\u2019 ad\u0131 alt\u0131nda destekledi\u011fi kiral\u0131k, tekfirci ve vatan hainleri ter\u00f6r \u00e7etelere kar\u015f\u0131 operasyonlar\u0131n\u0131 ba\u015far\u0131yla s\u00fcrd\u00fcren hava g\u00fc\u00e7lerimiz; Hva\u015f, Dukmak, Zakkum ve Ziyaret b\u00f6lgelerinde bu \u00e7etelerin \u00e7ok say\u0131da arac\u0131n\u0131, topunu ve toplanma yerlerini muhtevalar\u0131yla imha etti.<\/p>\n<p>Saha kaynaklar\u0131 operasyonlarda \u00f6ld\u00fcr\u00fclen y\u00fcksek say\u0131da ter\u00f6ristin aras\u0131nda az\u0131l\u0131 eleba\u015flar\u0131 ve \u00e7ok say\u0131da yabanc\u0131n\u0131n bulundu\u011funa dikkat \u00e7ekti.<\/p>\n<p><span style=\"color: #0000ff\">LAZK\u0130YE:<\/span><\/p>\n<p>Bu arada Lazkiye k\u0131rsal\u0131n\u0131n kuzeyi ve kuzeydo\u011fusunda T\u00fcrkiye\u2019deki rejimin muhtelif b\u00f6lgelerden toplay\u0131p geli\u015fmi\u015f silahlarla donatmas\u0131 ard\u0131ndan Suriye halk\u0131na kar\u015f\u0131 sald\u0131\u011f\u0131 ter\u00f6ristlere kar\u015f\u0131 operasyonlar\u0131n\u0131 s\u00fcrd\u00fcren ordu birliklerimiz Rebia Nahiyesinde \u00fcyelerinin bir k\u0131sm\u0131 yabanc\u0131 olan bir ter\u00f6r grubunun tamam\u0131n\u0131 ara\u00e7 ve silahlar\u0131yla etkisizle\u015ftirdi<\/p>\n<p><span style=\"color: #0000ff\">KUNAYTRA:<\/span><\/p>\n<p>SANA\u2019ya a\u00e7\u0131klama yapan askeri bir kaynak ordu birliklerimizin Kunaytra k\u0131rsal\u0131nda \u0130srail ve \u00dcrd\u00fcn destekli ter\u00f6ristlere kar\u015f\u0131 operasyonlar\u0131 kapsam\u0131nda Um el \u0130zam k\u00f6y\u00fcnde ter\u00f6r eleba\u015flar\u0131n\u0131n bir karargah\u0131n\u0131 nitelikli bir operasyonla hedef ald\u0131klar\u0131n\u0131 ifade etti. Kaynak operasyonda aralar\u0131nda bir\u00e7ok az\u0131l\u0131 eleba\u015f\u0131n bulundu\u011fu \u00e7ok say\u0131da ter\u00f6ristin \u00f6ld\u00fcr\u00fcld\u00fc\u011f\u00fcn\u00fc, muhtelif t\u00fcr silah ve m\u00fchimmatlar\u0131n\u0131n da imha edildi\u011fini aktard\u0131.<\/p>\n<p>Kunaytra k\u0131rsal\u0131nda d\u00fc\u015fman \u0130srail\u2019den geli\u015fmi\u015f silahlarla donat\u0131lmalar\u0131n\u0131n temel hatt\u0131 say\u0131lan Cebata el Ha\u015fab K\u00f6y\u00fcnde ise ordu birliklerimiz \u0130srail&#8217;in ta\u015feronlar\u0131 ter\u00f6ristlerin mevkilerini yo\u011fun top ate\u015fine tuttu.<\/p>\n<p>Ordu birliklerimiz Hmeydiye K\u00f6y\u00fcnde de \u0130srail i\u015fgali alt\u0131ndaki topraklardan gelen ikmal ve destek hatlar\u0131nda ter\u00f6ristlerin ara\u00e7 ve toplanma yerlerini yo\u011fun top ate\u015fine tutarak bir\u00e7ok arac\u0131 ta\u015f\u0131d\u0131\u011f\u0131 ter\u00f6rist ve cephaneyle birlikte imha etti.<\/p>\n<p><span style=\"color: #0000ff\">S\u00dcVEYDA:<\/span><\/p>\n<p>S\u00fcveyda k\u0131rsal\u0131n\u0131n kuzeydo\u011fusu Tel B\u00fcseyna ve Harfu\u015f Mezras\u0131 civarlar\u0131na s\u0131zmaya \u00e7al\u0131\u015fan I\u015e\u0130D tekfircilerine kar\u015f\u0131 koyan ordu birliklerimizden bir kaynak; \u00e7at\u0131\u015fmada I\u015e\u0130D\u2019li \u00e7ok say\u0131da ter\u00f6ristin \u00f6l\u00fc yaral\u0131 d\u00fc\u015f\u00fcr\u00fclmeleri ard\u0131ndan sa\u011f kalanlar\u0131n silah ve m\u00fchimmatlar\u0131n\u0131 arkalar\u0131nda b\u0131rakarak ka\u00e7t\u0131klar\u0131n\u0131 belitti.<\/p>\n<p>G\u00fcn\u00fcn ilerleyen saatlerinde ise ordu birliklerimiz yine S\u00fcveyda k\u0131rsal\u0131n\u0131n Sakiye K\u00f6y\u00fcnde ter\u00f6ristlerin mevkilerini hedef almalar\u0131yla bir k\u0131sm\u0131 a\u011f\u0131r silahlarla donat\u0131lm\u0131\u015f bir\u00e7ok arac\u0131 imha etmesiyle \u00e7ok say\u0131da ter\u00f6risti \u00f6l\u00fc yaral\u0131 d\u00fc\u015f\u00fcrd\u00fc.<\/p>\n<p><span style=\"color: #0000ff\">HOMS:<\/span><\/p>\n<p>Di\u011fer yandan askeri kaynak hava g\u00fc\u00e7lerimizin Homs k\u0131rsal\u0131n\u0131n do\u011fusu Tedmur ve Karyeteyn kentlerinde I\u015e\u0130D tekfircilerine ait ter\u00f6rist ve cephane ta\u015f\u0131yan bir\u00e7ok arac\u0131 y\u00fckleriyle birlikte imha ettiklerini belirtti<\/p>\n<p>R.H.<\/p>\n","protected":false},"excerpt":{"rendered":"<p>\u0130LLER \u2013 Vatan koruyucular\u0131m\u0131z yurdun muhtelif b\u00f6lgelerinde d\u0131\u015f desteklerin deste\u011fi ve talimatlar\u0131yla faaliyet g\u00f6steren ve adlar\u0131 muhtelif \u00f6zleri ayn\u0131 olan ter\u00f6r \u00f6rg\u00fctlere karl\u0131 amans\u0131z eylemlerini aral\u0131ks\u0131z olarak s\u00fcrd\u00fcr\u00fcyor. \u0130DL\u0130B: \u0130dlib k\u0131rsal\u0131nda katil Erdo\u011fan ve rejiminin muhtelif yerlerden toplay\u0131p \u2018Fetih Ordusu ad\u0131 alt\u0131nda te\u015fkil etti\u011fi ter\u00f6r gruplar\u0131na kar\u015f\u0131 operasyonlar\u0131n\u0131 s\u00fcrd\u00fcren ordu birliklerimizden bir kaynak; tekfirci ve &hellip;<\/p>\n","protected":false},"author":1,"featured_media":45118,"comment_status":"closed","ping_status":"closed","sticky":false,"template":"","format":"standard","meta":{"footnotes":""},"categories":[575],"tags":[],"class_list":["post-45108","post","type-post","status-publish","format-standard","has-post-thumbnail","","category-olaylar-ve-gercekler"],"_links":{"self":[{"href":"https:\/\/archive.sana.sy\/tr\/index.php?rest_route=\/wp\/v2\/posts\/45108","targetHints":{"allow":["GET"]}}],"collection":[{"href":"https:\/\/archive.sana.sy\/tr\/index.php?rest_route=\/wp\/v2\/posts"}],"about":[{"href":"https:\/\/archive.sana.sy\/tr\/index.php?rest_route=\/wp\/v2\/types\/post"}],"author":[{"embeddable":true,"href":"https:\/\/archive.sana.sy\/tr\/index.php?rest_route=\/wp\/v2\/users\/1"}],"replies":[{"embeddable":true,"href":"https:\/\/archive.sana.sy\/tr\/index.php?rest_route=%2Fwp%2Fv2%2Fcomments&post=45108"}],"version-history":[{"count":0,"href":"https:\/\/archive.sana.sy\/tr\/index.php?rest_route=\/wp\/v2\/posts\/45108\/revisions"}],"wp:featuredmedia":[{"embeddable":true,"href":"https:\/\/archive.sana.sy\/tr\/index.php?rest_route=\/wp\/v2\/media\/45118"}],"wp:attachment":[{"href":"https:\/\/archive.sana.sy\/tr\/index.php?rest_route=%2Fwp%2Fv2%2Fmedia&parent=45108"}],"wp:term":[{"taxonomy":"category","embeddable":true,"href":"https:\/\/archive.sana.sy\/tr\/index.php?rest_route=%2Fwp%2Fv2%2Fcategories&post=45108"},{"taxonomy":"post_tag","embeddable":true,"href":"https:\/\/archive.sana.sy\/tr\/index.php?rest_route=%2Fwp%2Fv2%2Ftags&post=45108"}],"curies":[{"name":"wp","href":"https:\/\/api.w.org\/{rel}","templated":true}]}}