{"id":4513,"date":"2014-07-03T13:50:18","date_gmt":"2014-07-03T10:50:18","guid":{"rendered":"http:\/\/www.sana.sy\/tr\/?p=4513"},"modified":"2014-07-03T13:50:18","modified_gmt":"2014-07-03T10:50:18","slug":"teroru-destekleyen-devletlerden-hesap-sorulmasini-talep-edecek","status":"publish","type":"post","link":"https:\/\/archive.sana.sy\/tr\/?p=4513","title":{"rendered":"Ter\u00f6r\u00fc Destekleyen Devletlerden Hesap Sorulmas\u0131n\u0131 Talep Edecek"},"content":{"rendered":"<p><span style=\"color: #800000\">BA\u011eDAT \u2013<\/span> Irak Birle\u015fmi\u015f Milletlerden, Kaide \u00d6rg\u00fct\u00fcne tabi \u2018Irak ve \u015eam \u0130slami Devleti\u2019ni para ve silahla destekleyen devletlerden hesap sormas\u0131n\u0131 talep etme azminde oldu\u011funu ilan etti.<\/p>\n<p>Irak \u0130nsan Haklar\u0131 Bakanl\u0131\u011f\u0131nda Uluslararas\u0131 \u0130li\u015fkiler ve \u0130\u015fbirli\u011fi Departman\u0131 Genel M\u00fcd\u00fcr\u00fc Adil el Hudayr bug\u00fcn yay\u0131nlad\u0131\u011f\u0131 ve Irak Enformasyon \u015eebekesinin aktard\u0131\u011f\u0131 beyanda; Irak\u2019\u0131n ter\u00f6r\u00fc destekleyen devletlere kar\u015f\u0131 davalar a\u00e7ma azminde oldu\u011funu belirtti.<\/p>\n<p>Ter\u00f6r\u00fc destekleyen devletlere dava a\u00e7ma \u00f6nerisinin Irakl\u0131 sivil ve halk \u00f6rg\u00fctlerinin talebi \u00fczerine geldi\u011fine i\u015faret eden Hudayr; ter\u00f6r gruplar\u0131n\u0131n Irak\u2019ta kad\u0131n \u00e7ocuk ya\u015fl\u0131 demeden masum insanlar\u0131 hedef almalar\u0131n\u0131n yan\u0131 s\u0131ra Musul Kentinde 1500 askeri infaz ettiklerine dikkat \u00e7ekti. Hudayr bu devletlerin destekledikleri ter\u00f6r \u00e7etelerinin Irakl\u0131 kad\u0131nlara bulunduklar\u0131 cinsel tecav\u00fcz olaylar\u0131 ve gen\u00e7leri katletmelerinin yan\u0131 s\u0131ra kutsal yerlere sald\u0131r\u0131lar\u0131na da \u0131\u015f\u0131k tuttu.<\/p>\n","protected":false},"excerpt":{"rendered":"<p>BA\u011eDAT \u2013 Irak Birle\u015fmi\u015f Milletlerden, Kaide \u00d6rg\u00fct\u00fcne tabi \u2018Irak ve \u015eam \u0130slami Devleti\u2019ni para ve silahla destekleyen devletlerden hesap sormas\u0131n\u0131 talep etme azminde oldu\u011funu ilan etti. Irak \u0130nsan Haklar\u0131 Bakanl\u0131\u011f\u0131nda Uluslararas\u0131 \u0130li\u015fkiler ve \u0130\u015fbirli\u011fi Departman\u0131 Genel M\u00fcd\u00fcr\u00fc Adil el Hudayr bug\u00fcn yay\u0131nlad\u0131\u011f\u0131 ve Irak Enformasyon \u015eebekesinin aktard\u0131\u011f\u0131 beyanda; Irak\u2019\u0131n ter\u00f6r\u00fc destekleyen devletlere kar\u015f\u0131 davalar a\u00e7ma &hellip;<\/p>\n","protected":false},"author":1,"featured_media":4514,"comment_status":"closed","ping_status":"closed","sticky":false,"template":"","format":"standard","meta":{"footnotes":""},"categories":[458,459,447],"tags":[985],"class_list":["post-4513","post","type-post","status-publish","format-standard","has-post-thumbnail","","category-dunya1","category-haberler-arap-uluslararasi-politika","category-politika","tag-teroru-destekleyen-devletlerden-hesap-sorulmasini-talep-edecek"],"_links":{"self":[{"href":"https:\/\/archive.sana.sy\/tr\/index.php?rest_route=\/wp\/v2\/posts\/4513","targetHints":{"allow":["GET"]}}],"collection":[{"href":"https:\/\/archive.sana.sy\/tr\/index.php?rest_route=\/wp\/v2\/posts"}],"about":[{"href":"https:\/\/archive.sana.sy\/tr\/index.php?rest_route=\/wp\/v2\/types\/post"}],"author":[{"embeddable":true,"href":"https:\/\/archive.sana.sy\/tr\/index.php?rest_route=\/wp\/v2\/users\/1"}],"replies":[{"embeddable":true,"href":"https:\/\/archive.sana.sy\/tr\/index.php?rest_route=%2Fwp%2Fv2%2Fcomments&post=4513"}],"version-history":[{"count":0,"href":"https:\/\/archive.sana.sy\/tr\/index.php?rest_route=\/wp\/v2\/posts\/4513\/revisions"}],"wp:featuredmedia":[{"embeddable":true,"href":"https:\/\/archive.sana.sy\/tr\/index.php?rest_route=\/wp\/v2\/media\/4514"}],"wp:attachment":[{"href":"https:\/\/archive.sana.sy\/tr\/index.php?rest_route=%2Fwp%2Fv2%2Fmedia&parent=4513"}],"wp:term":[{"taxonomy":"category","embeddable":true,"href":"https:\/\/archive.sana.sy\/tr\/index.php?rest_route=%2Fwp%2Fv2%2Fcategories&post=4513"},{"taxonomy":"post_tag","embeddable":true,"href":"https:\/\/archive.sana.sy\/tr\/index.php?rest_route=%2Fwp%2Fv2%2Ftags&post=4513"}],"curies":[{"name":"wp","href":"https:\/\/api.w.org\/{rel}","templated":true}]}}