{"id":45138,"date":"2015-08-30T15:48:21","date_gmt":"2015-08-30T12:48:21","guid":{"rendered":"http:\/\/www.sana.sy\/tr\/?p=45138"},"modified":"2015-08-30T15:48:35","modified_gmt":"2015-08-30T12:48:35","slug":"sanaya-aciklama-yapan-askeri-kaynak-hava-guclerimizin-idlib-kirsalinda-ebu-el-zuhur-havalimaninin-civari-ennib-tel-hemke-ve-friyke-bolgelerinde-fetih-ordusu-cetelerinin-ar","status":"publish","type":"post","link":"https:\/\/archive.sana.sy\/tr\/?p=45138","title":{"rendered":"SANA\u2019ya a\u00e7\u0131klama yapan askeri kaynak hava g\u00fc\u00e7lerimizin \u0130dlib k\u0131rsal\u0131nda Ebu el Zuhur Havaliman\u0131n\u0131n civar\u0131, Ennib, Tel Hemke ve Friyke b\u00f6lgelerinde \u2018Fetih Ordusu\u2019 \u00e7etelerinin ara\u00e7 ve mevkilerini yeniden hedef ald\u0131klar\u0131n\u0131 belirtirken, bu operasyonlarda y\u00fcksek say\u0131da ter\u00f6ristin ara\u00e7 ve cephaneleriyle imha edildiklerini aktard\u0131."},"content":{"rendered":"<p>SANA\u2019ya a\u00e7\u0131klama yapan askeri kaynak hava g\u00fc\u00e7lerimizin \u0130dlib k\u0131rsal\u0131nda Ebu el Zuhur Havaliman\u0131n\u0131n civar\u0131, Ennib, Tel Hemke ve Friyke b\u00f6lgelerinde \u2018Fetih Ordusu\u2019 \u00e7etelerinin ara\u00e7 ve mevkilerini yeniden hedef ald\u0131klar\u0131n\u0131 belirtirken, bu operasyonlarda y\u00fcksek say\u0131da ter\u00f6ristin ara\u00e7 ve cephaneleriyle imha edildiklerini aktard\u0131.<\/p>\n","protected":false},"excerpt":{"rendered":"<p>SANA\u2019ya a\u00e7\u0131klama yapan askeri kaynak hava g\u00fc\u00e7lerimizin \u0130dlib k\u0131rsal\u0131nda Ebu el Zuhur Havaliman\u0131n\u0131n civar\u0131, Ennib, Tel Hemke ve Friyke b\u00f6lgelerinde \u2018Fetih Ordusu\u2019 \u00e7etelerinin ara\u00e7 ve mevkilerini yeniden hedef ald\u0131klar\u0131n\u0131 belirtirken, bu operasyonlarda y\u00fcksek say\u0131da ter\u00f6ristin ara\u00e7 ve cephaneleriyle imha edildiklerini aktard\u0131.<\/p>\n","protected":false},"author":1,"featured_media":0,"comment_status":"closed","ping_status":"closed","sticky":false,"template":"","format":"standard","meta":{"footnotes":""},"categories":[1],"tags":[],"class_list":["post-45138","post","type-post","status-publish","format-standard","","category-news-not-sorted"],"_links":{"self":[{"href":"https:\/\/archive.sana.sy\/tr\/index.php?rest_route=\/wp\/v2\/posts\/45138","targetHints":{"allow":["GET"]}}],"collection":[{"href":"https:\/\/archive.sana.sy\/tr\/index.php?rest_route=\/wp\/v2\/posts"}],"about":[{"href":"https:\/\/archive.sana.sy\/tr\/index.php?rest_route=\/wp\/v2\/types\/post"}],"author":[{"embeddable":true,"href":"https:\/\/archive.sana.sy\/tr\/index.php?rest_route=\/wp\/v2\/users\/1"}],"replies":[{"embeddable":true,"href":"https:\/\/archive.sana.sy\/tr\/index.php?rest_route=%2Fwp%2Fv2%2Fcomments&post=45138"}],"version-history":[{"count":0,"href":"https:\/\/archive.sana.sy\/tr\/index.php?rest_route=\/wp\/v2\/posts\/45138\/revisions"}],"wp:attachment":[{"href":"https:\/\/archive.sana.sy\/tr\/index.php?rest_route=%2Fwp%2Fv2%2Fmedia&parent=45138"}],"wp:term":[{"taxonomy":"category","embeddable":true,"href":"https:\/\/archive.sana.sy\/tr\/index.php?rest_route=%2Fwp%2Fv2%2Fcategories&post=45138"},{"taxonomy":"post_tag","embeddable":true,"href":"https:\/\/archive.sana.sy\/tr\/index.php?rest_route=%2Fwp%2Fv2%2Ftags&post=45138"}],"curies":[{"name":"wp","href":"https:\/\/api.w.org\/{rel}","templated":true}]}}