{"id":45141,"date":"2015-08-30T16:07:26","date_gmt":"2015-08-30T13:07:26","guid":{"rendered":"http:\/\/www.sana.sy\/tr\/?p=45141"},"modified":"2015-08-30T16:46:24","modified_gmt":"2015-08-30T13:46:24","slug":"kuba-ile-diplomatik-iliskilerin-baslamasinin-50-yildonumunde","status":"publish","type":"post","link":"https:\/\/archive.sana.sy\/tr\/?p=45141","title":{"rendered":"K\u00fcba ile Diplomatik \u0130li\u015fkilerin Ba\u015flamas\u0131n\u0131n 50. Y\u0131ld\u00f6n\u00fcm\u00fcnde"},"content":{"rendered":"<p>\u015eAM \u2013 Suriye Arap Cumhuriyeti ile K\u00fcba aras\u0131nda diplomatik ili\u015fkilerin ba\u015flamas\u0131n\u0131n 50. Y\u0131ld\u00f6n\u00fcm\u00fc m\u00fcnasebetiyle Baas Partisinin Ulusal Y\u00f6netimindeki Suriye K\u00fcba Dostluk Cemiyeti bug\u00fcn ba\u015fkent \u015eam\u2019daki Ulasal Esad K\u00fct\u00fcphanesinin konferans salonunda etkinlik d\u00fczenledi.<\/p>\n<p>Baas Partisi genel sekreter yard\u0131mc\u0131s\u0131 Hilal Hilal\u2019\u0131n da kat\u0131ld\u0131\u011f\u0131 etkinlikte konu\u015fan ulusal y\u00f6netim kurulu \u00fcyesi ve Suriye K\u00fcba Dostluk Cemiyeti ba\u015fkan\u0131 Abd\u00fcnnas\u0131r \u015eefi 50 y\u0131l s\u00fcren ikili ili\u015fkilerinde Suriye ve K\u00fcba\u2019n\u0131n s\u00f6m\u00fcr\u00fc ve hegemonyaya kar\u015f\u0131 ortak bir m\u00fccadele verdiklerini belirtti.<\/p>\n<p>\u015eefi iki ortak ilke ve m\u00fccadeleye sahip iki \u00fclke aras\u0131ndaki ili\u015fkilerin modern Suriye&#8217;nin kurucusu b\u00fcy\u00fck \u00f6nder Haf\u0131z el Esad ve K\u00fcba lideri Fidel Castro d\u00f6nemlerinde her d\u00fczeyde geni\u015fledi\u011fini ve peki\u015fti\u011fini belirtti.<\/p>\n<p>K\u00fcba devleti ve halk\u0131n\u0131n tarih boyunca zul\u00fcm, s\u00f6m\u00fcr\u00fc ve hegemonyaya kar\u015f\u0131 takdire \u015fayan bir m\u00fccadele verdi\u011fini ifade eden \u015eefi; bu m\u00fccadeleye e\u015f zamanl\u0131 olarak sa\u011fl\u0131k, enerji ve daha ba\u015fka alanlarda sa\u011flad\u0131\u011f\u0131 \u00f6nemli ba\u015far\u0131lara da dikkat \u00e7ekti.<\/p>\n<p>\u015eefi Baas Partisi ile K\u00fcba\u2019daki Kom\u00fcnist Partisi aras\u0131ndaki ili\u015fkilerin iki halk\u0131n \u00e7\u0131karlar\u0131na hizmet edecek yeni boyutlara ve derinliklere ta\u015f\u0131nmas\u0131 \u00e7a\u011fr\u0131s\u0131nda bulundu.<\/p>\n<p>K\u00fcba\u2019n\u0131n \u015eam B\u00fcy\u00fckel\u00e7ili\u011findeki Maslahatg\u00fczar\u0131 Armando Perez Suarez ise iki \u00fclke aras\u0131ndaki tarihi derin k\u00f6klere uzanan ili\u015fkileri \u00f6verken, bu ili\u015fkilerin kar\u015f\u0131l\u0131kl\u0131 sayg\u0131 ve \u0131l\u0131ml\u0131l\u0131\u011f\u0131n yan\u0131 s\u0131ra uluslar aras\u0131 platformlarda g\u00f6r\u00fc\u015f birli\u011fi ve koordinasyona dayal\u0131 oldu\u011funu s\u00f6yledi.<\/p>\n<p>Etkinli\u011fe muhtelif siyasi partilerden temsilciler, milletvekilleri, bakanlar, Gazeteciler Birli\u011fi ba\u015fkan\u0131, mesleki ve halk \u00f6rg\u00fctleri temsilcileri, sosyal ve siyasi faaliyetler kat\u0131ld\u0131.<\/p>\n<div id='gallery-1' class='gallery galleryid-45141 gallery-columns-2 gallery-size-medium'><figure class='gallery-item'>\n\t\t\t<div class='gallery-icon landscape'>\n\t\t\t\t<a href='https:\/\/archive.sana.sy\/tr\/wp-content\/uploads\/2015\/08\/K\u00fcba-ile-Diplomatik-\u0130li\u015fkilerin-Ba\u015flamas\u0131n\u0131n-50.-Y\u0131ld\u00f6n\u00fcm\u00fcnde-2.jpg'><img loading=\"lazy\" decoding=\"async\" width=\"300\" height=\"182\" src=\"https:\/\/archive.sana.sy\/tr\/wp-content\/uploads\/2015\/08\/K\u00fcba-ile-Diplomatik-\u0130li\u015fkilerin-Ba\u015flamas\u0131n\u0131n-50.-Y\u0131ld\u00f6n\u00fcm\u00fcnde-2-300x182.jpg\" class=\"attachment-medium size-medium\" alt=\"\" srcset=\"https:\/\/archive.sana.sy\/tr\/wp-content\/uploads\/2015\/08\/K\u00fcba-ile-Diplomatik-\u0130li\u015fkilerin-Ba\u015flamas\u0131n\u0131n-50.-Y\u0131ld\u00f6n\u00fcm\u00fcnde-2-300x182.jpg 300w, https:\/\/archive.sana.sy\/tr\/wp-content\/uploads\/2015\/08\/K\u00fcba-ile-Diplomatik-\u0130li\u015fkilerin-Ba\u015flamas\u0131n\u0131n-50.-Y\u0131ld\u00f6n\u00fcm\u00fcnde-2-150x91.jpg 150w, https:\/\/archive.sana.sy\/tr\/wp-content\/uploads\/2015\/08\/K\u00fcba-ile-Diplomatik-\u0130li\u015fkilerin-Ba\u015flamas\u0131n\u0131n-50.-Y\u0131ld\u00f6n\u00fcm\u00fcnde-2-1024x620.jpg 1024w\" sizes=\"auto, (max-width: 300px) 100vw, 300px\" \/><\/a>\n\t\t\t<\/div><\/figure><figure class='gallery-item'>\n\t\t\t<div class='gallery-icon landscape'>\n\t\t\t\t<a href='https:\/\/archive.sana.sy\/tr\/wp-content\/uploads\/2015\/08\/K\u00fcba-ile-Diplomatik-\u0130li\u015fkilerin-Ba\u015flamas\u0131n\u0131n-50.-Y\u0131ld\u00f6n\u00fcm\u00fcnde-3.jpg'><img loading=\"lazy\" decoding=\"async\" width=\"300\" height=\"185\" src=\"https:\/\/archive.sana.sy\/tr\/wp-content\/uploads\/2015\/08\/K\u00fcba-ile-Diplomatik-\u0130li\u015fkilerin-Ba\u015flamas\u0131n\u0131n-50.-Y\u0131ld\u00f6n\u00fcm\u00fcnde-3-300x185.jpg\" class=\"attachment-medium size-medium\" alt=\"\" srcset=\"https:\/\/archive.sana.sy\/tr\/wp-content\/uploads\/2015\/08\/K\u00fcba-ile-Diplomatik-\u0130li\u015fkilerin-Ba\u015flamas\u0131n\u0131n-50.-Y\u0131ld\u00f6n\u00fcm\u00fcnde-3-300x185.jpg 300w, https:\/\/archive.sana.sy\/tr\/wp-content\/uploads\/2015\/08\/K\u00fcba-ile-Diplomatik-\u0130li\u015fkilerin-Ba\u015flamas\u0131n\u0131n-50.-Y\u0131ld\u00f6n\u00fcm\u00fcnde-3-150x92.jpg 150w, https:\/\/archive.sana.sy\/tr\/wp-content\/uploads\/2015\/08\/K\u00fcba-ile-Diplomatik-\u0130li\u015fkilerin-Ba\u015flamas\u0131n\u0131n-50.-Y\u0131ld\u00f6n\u00fcm\u00fcnde-3-1024x631.jpg 1024w\" sizes=\"auto, (max-width: 300px) 100vw, 300px\" \/><\/a>\n\t\t\t<\/div><\/figure><figure class='gallery-item'>\n\t\t\t<div class='gallery-icon landscape'>\n\t\t\t\t<a href='https:\/\/archive.sana.sy\/tr\/wp-content\/uploads\/2015\/08\/K\u00fcba-ile-Diplomatik-\u0130li\u015fkilerin-Ba\u015flamas\u0131n\u0131n-50.-Y\u0131ld\u00f6n\u00fcm\u00fcnde-4.jpg'><img loading=\"lazy\" decoding=\"async\" width=\"300\" height=\"169\" src=\"https:\/\/archive.sana.sy\/tr\/wp-content\/uploads\/2015\/08\/K\u00fcba-ile-Diplomatik-\u0130li\u015fkilerin-Ba\u015flamas\u0131n\u0131n-50.-Y\u0131ld\u00f6n\u00fcm\u00fcnde-4-300x169.jpg\" class=\"attachment-medium size-medium\" alt=\"\" srcset=\"https:\/\/archive.sana.sy\/tr\/wp-content\/uploads\/2015\/08\/K\u00fcba-ile-Diplomatik-\u0130li\u015fkilerin-Ba\u015flamas\u0131n\u0131n-50.-Y\u0131ld\u00f6n\u00fcm\u00fcnde-4-300x169.jpg 300w, https:\/\/archive.sana.sy\/tr\/wp-content\/uploads\/2015\/08\/K\u00fcba-ile-Diplomatik-\u0130li\u015fkilerin-Ba\u015flamas\u0131n\u0131n-50.-Y\u0131ld\u00f6n\u00fcm\u00fcnde-4-150x84.jpg 150w, https:\/\/archive.sana.sy\/tr\/wp-content\/uploads\/2015\/08\/K\u00fcba-ile-Diplomatik-\u0130li\u015fkilerin-Ba\u015flamas\u0131n\u0131n-50.-Y\u0131ld\u00f6n\u00fcm\u00fcnde-4-1024x575.jpg 1024w\" sizes=\"auto, (max-width: 300px) 100vw, 300px\" \/><\/a>\n\t\t\t<\/div><\/figure><figure class='gallery-item'>\n\t\t\t<div class='gallery-icon landscape'>\n\t\t\t\t<a href='https:\/\/archive.sana.sy\/tr\/wp-content\/uploads\/2015\/08\/K\u00fcba-ile-Diplomatik-\u0130li\u015fkilerin-Ba\u015flamas\u0131n\u0131n-50.-Y\u0131ld\u00f6n\u00fcm\u00fcnde-5.jpg'><img loading=\"lazy\" decoding=\"async\" width=\"300\" height=\"187\" src=\"https:\/\/archive.sana.sy\/tr\/wp-content\/uploads\/2015\/08\/K\u00fcba-ile-Diplomatik-\u0130li\u015fkilerin-Ba\u015flamas\u0131n\u0131n-50.-Y\u0131ld\u00f6n\u00fcm\u00fcnde-5-300x187.jpg\" class=\"attachment-medium size-medium\" alt=\"\" srcset=\"https:\/\/archive.sana.sy\/tr\/wp-content\/uploads\/2015\/08\/K\u00fcba-ile-Diplomatik-\u0130li\u015fkilerin-Ba\u015flamas\u0131n\u0131n-50.-Y\u0131ld\u00f6n\u00fcm\u00fcnde-5-300x187.jpg 300w, https:\/\/archive.sana.sy\/tr\/wp-content\/uploads\/2015\/08\/K\u00fcba-ile-Diplomatik-\u0130li\u015fkilerin-Ba\u015flamas\u0131n\u0131n-50.-Y\u0131ld\u00f6n\u00fcm\u00fcnde-5-150x94.jpg 150w, https:\/\/archive.sana.sy\/tr\/wp-content\/uploads\/2015\/08\/K\u00fcba-ile-Diplomatik-\u0130li\u015fkilerin-Ba\u015flamas\u0131n\u0131n-50.-Y\u0131ld\u00f6n\u00fcm\u00fcnde-5-1024x639.jpg 1024w\" sizes=\"auto, (max-width: 300px) 100vw, 300px\" \/><\/a>\n\t\t\t<\/div><\/figure>\n\t\t<\/div>\n\n","protected":false},"excerpt":{"rendered":"<p>\u015eAM \u2013 Suriye Arap Cumhuriyeti ile K\u00fcba aras\u0131nda diplomatik ili\u015fkilerin ba\u015flamas\u0131n\u0131n 50. Y\u0131ld\u00f6n\u00fcm\u00fc m\u00fcnasebetiyle Baas Partisinin Ulusal Y\u00f6netimindeki Suriye K\u00fcba Dostluk Cemiyeti bug\u00fcn ba\u015fkent \u015eam\u2019daki Ulasal Esad K\u00fct\u00fcphanesinin konferans salonunda etkinlik d\u00fczenledi. Baas Partisi genel sekreter yard\u0131mc\u0131s\u0131 Hilal Hilal\u2019\u0131n da kat\u0131ld\u0131\u011f\u0131 etkinlikte konu\u015fan ulusal y\u00f6netim kurulu \u00fcyesi ve Suriye K\u00fcba Dostluk Cemiyeti ba\u015fkan\u0131 Abd\u00fcnnas\u0131r \u015eefi &hellip;<\/p>\n","protected":false},"author":1,"featured_media":45146,"comment_status":"closed","ping_status":"closed","sticky":false,"template":"","format":"standard","meta":{"footnotes":""},"categories":[479,447,478],"tags":[],"class_list":["post-45141","post","type-post","status-publish","format-standard","has-post-thumbnail","","category-haberler-yerel","category-politika","category-yerel"],"_links":{"self":[{"href":"https:\/\/archive.sana.sy\/tr\/index.php?rest_route=\/wp\/v2\/posts\/45141","targetHints":{"allow":["GET"]}}],"collection":[{"href":"https:\/\/archive.sana.sy\/tr\/index.php?rest_route=\/wp\/v2\/posts"}],"about":[{"href":"https:\/\/archive.sana.sy\/tr\/index.php?rest_route=\/wp\/v2\/types\/post"}],"author":[{"embeddable":true,"href":"https:\/\/archive.sana.sy\/tr\/index.php?rest_route=\/wp\/v2\/users\/1"}],"replies":[{"embeddable":true,"href":"https:\/\/archive.sana.sy\/tr\/index.php?rest_route=%2Fwp%2Fv2%2Fcomments&post=45141"}],"version-history":[{"count":0,"href":"https:\/\/archive.sana.sy\/tr\/index.php?rest_route=\/wp\/v2\/posts\/45141\/revisions"}],"wp:featuredmedia":[{"embeddable":true,"href":"https:\/\/archive.sana.sy\/tr\/index.php?rest_route=\/wp\/v2\/media\/45146"}],"wp:attachment":[{"href":"https:\/\/archive.sana.sy\/tr\/index.php?rest_route=%2Fwp%2Fv2%2Fmedia&parent=45141"}],"wp:term":[{"taxonomy":"category","embeddable":true,"href":"https:\/\/archive.sana.sy\/tr\/index.php?rest_route=%2Fwp%2Fv2%2Fcategories&post=45141"},{"taxonomy":"post_tag","embeddable":true,"href":"https:\/\/archive.sana.sy\/tr\/index.php?rest_route=%2Fwp%2Fv2%2Ftags&post=45141"}],"curies":[{"name":"wp","href":"https:\/\/api.w.org\/{rel}","templated":true}]}}