{"id":45148,"date":"2015-08-30T16:13:42","date_gmt":"2015-08-30T13:13:42","guid":{"rendered":"http:\/\/www.sana.sy\/tr\/?p=45148"},"modified":"2015-08-30T16:13:42","modified_gmt":"2015-08-30T13:13:42","slug":"hama-kirsalinda-da-turkiyedeki-rejimin-fetih-ordusu-adi-altinda-destekledigi-kiralik-tekfirci-ve-vatan-hainleri-teror-cetelere-karsi-operasyonlarini-basariyla-surduren-hava","status":"publish","type":"post","link":"https:\/\/archive.sana.sy\/tr\/?p=45148","title":{"rendered":"Hama k\u0131rsal\u0131nda da T\u00fcrkiye\u2019deki rejimin \u2018Fetih Ordusu\u2019 ad\u0131 alt\u0131nda destekledi\u011fi kiral\u0131k, tekfirci ve vatan hainleri ter\u00f6r \u00e7etelere kar\u015f\u0131 operasyonlar\u0131n\u0131 ba\u015far\u0131yla s\u00fcrd\u00fcren hava g\u00fc\u00e7lerimiz; Hva\u015f, Dukmak, Zakkum ve Ziyaret b\u00f6lgelerinde bu \u00e7etelerin \u00e7ok say\u0131da arac\u0131n\u0131, topunu ve toplanma yerlerini muhtevalar\u0131yla imha etti"},"content":{"rendered":"<p>Hama k\u0131rsal\u0131nda da T\u00fcrkiye\u2019deki rejimin \u2018Fetih Ordusu\u2019 ad\u0131 alt\u0131nda destekledi\u011fi kiral\u0131k, tekfirci ve vatan hainleri ter\u00f6r \u00e7etelere kar\u015f\u0131 operasyonlar\u0131n\u0131 ba\u015far\u0131yla s\u00fcrd\u00fcren hava g\u00fc\u00e7lerimiz; Hva\u015f, Dukmak, Zakkum ve Ziyaret b\u00f6lgelerinde bu \u00e7etelerin \u00e7ok say\u0131da arac\u0131n\u0131, topunu ve toplanma yerlerini muhtevalar\u0131yla imha etti<\/p>\n","protected":false},"excerpt":{"rendered":"<p>Hama k\u0131rsal\u0131nda da T\u00fcrkiye\u2019deki rejimin \u2018Fetih Ordusu\u2019 ad\u0131 alt\u0131nda destekledi\u011fi kiral\u0131k, tekfirci ve vatan hainleri ter\u00f6r \u00e7etelere kar\u015f\u0131 operasyonlar\u0131n\u0131 ba\u015far\u0131yla s\u00fcrd\u00fcren hava g\u00fc\u00e7lerimiz; Hva\u015f, Dukmak, Zakkum ve Ziyaret b\u00f6lgelerinde bu \u00e7etelerin \u00e7ok say\u0131da arac\u0131n\u0131, topunu ve toplanma yerlerini muhtevalar\u0131yla imha etti<\/p>\n","protected":false},"author":1,"featured_media":0,"comment_status":"closed","ping_status":"closed","sticky":false,"template":"","format":"standard","meta":{"footnotes":""},"categories":[1],"tags":[],"class_list":["post-45148","post","type-post","status-publish","format-standard","","category-news-not-sorted"],"_links":{"self":[{"href":"https:\/\/archive.sana.sy\/tr\/index.php?rest_route=\/wp\/v2\/posts\/45148","targetHints":{"allow":["GET"]}}],"collection":[{"href":"https:\/\/archive.sana.sy\/tr\/index.php?rest_route=\/wp\/v2\/posts"}],"about":[{"href":"https:\/\/archive.sana.sy\/tr\/index.php?rest_route=\/wp\/v2\/types\/post"}],"author":[{"embeddable":true,"href":"https:\/\/archive.sana.sy\/tr\/index.php?rest_route=\/wp\/v2\/users\/1"}],"replies":[{"embeddable":true,"href":"https:\/\/archive.sana.sy\/tr\/index.php?rest_route=%2Fwp%2Fv2%2Fcomments&post=45148"}],"version-history":[{"count":0,"href":"https:\/\/archive.sana.sy\/tr\/index.php?rest_route=\/wp\/v2\/posts\/45148\/revisions"}],"wp:attachment":[{"href":"https:\/\/archive.sana.sy\/tr\/index.php?rest_route=%2Fwp%2Fv2%2Fmedia&parent=45148"}],"wp:term":[{"taxonomy":"category","embeddable":true,"href":"https:\/\/archive.sana.sy\/tr\/index.php?rest_route=%2Fwp%2Fv2%2Fcategories&post=45148"},{"taxonomy":"post_tag","embeddable":true,"href":"https:\/\/archive.sana.sy\/tr\/index.php?rest_route=%2Fwp%2Fv2%2Ftags&post=45148"}],"curies":[{"name":"wp","href":"https:\/\/api.w.org\/{rel}","templated":true}]}}