{"id":45161,"date":"2015-08-30T17:00:56","date_gmt":"2015-08-30T14:00:56","guid":{"rendered":"http:\/\/www.sana.sy\/tr\/?p=45161"},"modified":"2015-08-30T17:01:22","modified_gmt":"2015-08-30T14:01:22","slug":"lazkiye-kirsalinin-kuzeyi-ve-kuzeydogusunda-turkiyedeki-rejimin-muhtelif-bolgelerden-toplayip-gelismis-silahlarla-donatmasi-ardindan-suriye-halkina-karsi-saldigi-teroristlere-karsi-operasyonl","status":"publish","type":"post","link":"https:\/\/archive.sana.sy\/tr\/?p=45161","title":{"rendered":"Lazkiye k\u0131rsal\u0131n\u0131n kuzeyi ve kuzeydo\u011fusunda T\u00fcrkiye\u2019deki rejimin muhtelif b\u00f6lgelerden toplay\u0131p geli\u015fmi\u015f silahlarla donatmas\u0131 ard\u0131ndan Suriye halk\u0131na kar\u015f\u0131 sald\u0131\u011f\u0131 ter\u00f6ristlere kar\u015f\u0131 operasyonlar\u0131n\u0131 s\u00fcrd\u00fcren ordu birliklerimiz Rebia Nahiyesinde \u00fcyelerinin bir k\u0131sm\u0131 yabanc\u0131 olan bir ter\u00f6r grubunun tamam\u0131n\u0131 ara\u00e7 ve silahlar\u0131yla etkisizle\u015ftirdi"},"content":{"rendered":"<p>Lazkiye k\u0131rsal\u0131n\u0131n kuzeyi ve kuzeydo\u011fusunda T\u00fcrkiye\u2019deki rejimin muhtelif b\u00f6lgelerden toplay\u0131p geli\u015fmi\u015f silahlarla donatmas\u0131 ard\u0131ndan Suriye halk\u0131na kar\u015f\u0131 sald\u0131\u011f\u0131 ter\u00f6ristlere kar\u015f\u0131 operasyonlar\u0131n\u0131 s\u00fcrd\u00fcren ordu birliklerimiz Rebia Nahiyesinde \u00fcyelerinin bir k\u0131sm\u0131 yabanc\u0131 olan bir ter\u00f6r grubunun tamam\u0131n\u0131 ara\u00e7 ve silahlar\u0131yla etkisizle\u015ftirdi<\/p>\n","protected":false},"excerpt":{"rendered":"<p>Lazkiye k\u0131rsal\u0131n\u0131n kuzeyi ve kuzeydo\u011fusunda T\u00fcrkiye\u2019deki rejimin muhtelif b\u00f6lgelerden toplay\u0131p geli\u015fmi\u015f silahlarla donatmas\u0131 ard\u0131ndan Suriye halk\u0131na kar\u015f\u0131 sald\u0131\u011f\u0131 ter\u00f6ristlere kar\u015f\u0131 operasyonlar\u0131n\u0131 s\u00fcrd\u00fcren ordu birliklerimiz Rebia Nahiyesinde \u00fcyelerinin bir k\u0131sm\u0131 yabanc\u0131 olan bir ter\u00f6r grubunun tamam\u0131n\u0131 ara\u00e7 ve silahlar\u0131yla etkisizle\u015ftirdi<\/p>\n","protected":false},"author":1,"featured_media":0,"comment_status":"closed","ping_status":"closed","sticky":false,"template":"","format":"standard","meta":{"footnotes":""},"categories":[1],"tags":[],"class_list":["post-45161","post","type-post","status-publish","format-standard","","category-news-not-sorted"],"_links":{"self":[{"href":"https:\/\/archive.sana.sy\/tr\/index.php?rest_route=\/wp\/v2\/posts\/45161","targetHints":{"allow":["GET"]}}],"collection":[{"href":"https:\/\/archive.sana.sy\/tr\/index.php?rest_route=\/wp\/v2\/posts"}],"about":[{"href":"https:\/\/archive.sana.sy\/tr\/index.php?rest_route=\/wp\/v2\/types\/post"}],"author":[{"embeddable":true,"href":"https:\/\/archive.sana.sy\/tr\/index.php?rest_route=\/wp\/v2\/users\/1"}],"replies":[{"embeddable":true,"href":"https:\/\/archive.sana.sy\/tr\/index.php?rest_route=%2Fwp%2Fv2%2Fcomments&post=45161"}],"version-history":[{"count":0,"href":"https:\/\/archive.sana.sy\/tr\/index.php?rest_route=\/wp\/v2\/posts\/45161\/revisions"}],"wp:attachment":[{"href":"https:\/\/archive.sana.sy\/tr\/index.php?rest_route=%2Fwp%2Fv2%2Fmedia&parent=45161"}],"wp:term":[{"taxonomy":"category","embeddable":true,"href":"https:\/\/archive.sana.sy\/tr\/index.php?rest_route=%2Fwp%2Fv2%2Fcategories&post=45161"},{"taxonomy":"post_tag","embeddable":true,"href":"https:\/\/archive.sana.sy\/tr\/index.php?rest_route=%2Fwp%2Fv2%2Ftags&post=45161"}],"curies":[{"name":"wp","href":"https:\/\/api.w.org\/{rel}","templated":true}]}}