{"id":45170,"date":"2015-08-30T19:32:30","date_gmt":"2015-08-30T16:32:30","guid":{"rendered":"http:\/\/www.sana.sy\/tr\/?p=45170"},"modified":"2015-08-30T17:34:38","modified_gmt":"2015-08-30T14:34:38","slug":"dar-cikarlari-icin-destekledikleri-teror-halklarina-donecektir","status":"publish","type":"post","link":"https:\/\/archive.sana.sy\/tr\/?p=45170","title":{"rendered":"Dar \u00c7\u0131karlar\u0131 i\u00e7in Destekledikleri Ter\u00f6r Halklar\u0131na D\u00f6necektir"},"content":{"rendered":"<p>TAHRAN \u2013 \u0130ran N\u00fckleer Enerji Kurumunun Ba\u015fkan\u0131 Ali Ekber Salihi b\u00f6lgede ter\u00f6r\u00fc destekleyen devletleri tutum ve politikalar\u0131n\u0131 yeniden g\u00f6zden ge\u00e7irmelerine ve ter\u00f6re desteklerini kesmelerine \u00e7a\u011f\u0131rd\u0131.<\/p>\n<p>\u0130ran\u2019da ter\u00f6r kurbanlar\u0131 an\u0131s\u0131na d\u00fczenlenen etkinlikte yapt\u0131\u011f\u0131 konu\u015fmada Salihi; tekfirci ter\u00f6r\u00fcn tehlikesine dikkat \u00e7ekerken, bu ter\u00f6r\u00fc destekleyen devletler ve halklar\u0131n\u0131n ayn\u0131 ter\u00f6r\u00fcn kurban\u0131 olmalar\u0131 tehlikesine kar\u015f\u0131 uyar\u0131da bulundu.<\/p>\n<p>B\u00f6lgede M\u00fcsl\u00fcman kimi devletlerin \u0130slam dininin en b\u00fcy\u00fck d\u00fc\u015fman\u0131 tekfirci ter\u00f6re destek verdiklerini belirten Salihi, bu devletlerin ter\u00f6r \u00f6rg\u00fctlerini kendi dar \u00e7\u0131karlar\u0131 i\u00e7in edat olarak kullanmaya \u00e7al\u0131\u015ft\u0131klar\u0131n\u0131 belirtti.<\/p>\n<p>Bat\u0131l\u0131 devletler konusunda ise Salihi; bu devletlerin b\u00f6lgedeki ter\u00f6re kar\u015f\u0131 hi\u00e7bir ciddi icraatta bulunmad\u0131klar\u0131n\u0131 ifade ederek, s\u00f6z konusu ter\u00f6r\u00fcn \u0130slam aleminde kalaca\u011f\u0131n\u0131 d\u00fc\u015f\u00fcnd\u00fcklerini belirtti. Salihi fakat Bat\u0131l\u0131 kimi taraflar\u0131n bu ter\u00f6r\u00fcn tehlikesini sonunda idrak etmeye ba\u015flad\u0131klar\u0131n\u0131 kaydetti.<\/p>\n<p>Bu arada ba\u015fta T\u00fcrkiye&#8217;deki ihvanc\u0131 rejim, Suudi kraal\u0131\u011f\u0131, Katar \u015feyhli\u011fi ve daha ba\u015fka kimi devletler b\u00f6lge devletleri ve halklar\u0131na kar\u015f\u0131 vah\u015fetlerinde s\u0131n\u0131r tan\u0131mayan ter\u00f6r \u00f6rg\u00fctlerine her t\u00fcrl\u00fc deste\u011fi temin ediyor.<\/p>\n","protected":false},"excerpt":{"rendered":"<p>TAHRAN \u2013 \u0130ran N\u00fckleer Enerji Kurumunun Ba\u015fkan\u0131 Ali Ekber Salihi b\u00f6lgede ter\u00f6r\u00fc destekleyen devletleri tutum ve politikalar\u0131n\u0131 yeniden g\u00f6zden ge\u00e7irmelerine ve ter\u00f6re desteklerini kesmelerine \u00e7a\u011f\u0131rd\u0131. \u0130ran\u2019da ter\u00f6r kurbanlar\u0131 an\u0131s\u0131na d\u00fczenlenen etkinlikte yapt\u0131\u011f\u0131 konu\u015fmada Salihi; tekfirci ter\u00f6r\u00fcn tehlikesine dikkat \u00e7ekerken, bu ter\u00f6r\u00fc destekleyen devletler ve halklar\u0131n\u0131n ayn\u0131 ter\u00f6r\u00fcn kurban\u0131 olmalar\u0131 tehlikesine kar\u015f\u0131 uyar\u0131da bulundu. B\u00f6lgede M\u00fcsl\u00fcman &hellip;<\/p>\n","protected":false},"author":1,"featured_media":45172,"comment_status":"closed","ping_status":"closed","sticky":false,"template":"","format":"standard","meta":{"footnotes":""},"categories":[458,459,447],"tags":[16482],"class_list":["post-45170","post","type-post","status-publish","format-standard","has-post-thumbnail","","category-dunya1","category-haberler-arap-uluslararasi-politika","category-politika","tag-tahran-iran-nukleer-enerji-kurumunun-baskani-ali-ekber-salihi-bolgede-teroru-destekleyen-devletleri-tutum-ve-politikalarini-yeniden-gozden-gecirmelerine-ve-terore-desteklerini-kesmelerine-ca"],"_links":{"self":[{"href":"https:\/\/archive.sana.sy\/tr\/index.php?rest_route=\/wp\/v2\/posts\/45170","targetHints":{"allow":["GET"]}}],"collection":[{"href":"https:\/\/archive.sana.sy\/tr\/index.php?rest_route=\/wp\/v2\/posts"}],"about":[{"href":"https:\/\/archive.sana.sy\/tr\/index.php?rest_route=\/wp\/v2\/types\/post"}],"author":[{"embeddable":true,"href":"https:\/\/archive.sana.sy\/tr\/index.php?rest_route=\/wp\/v2\/users\/1"}],"replies":[{"embeddable":true,"href":"https:\/\/archive.sana.sy\/tr\/index.php?rest_route=%2Fwp%2Fv2%2Fcomments&post=45170"}],"version-history":[{"count":0,"href":"https:\/\/archive.sana.sy\/tr\/index.php?rest_route=\/wp\/v2\/posts\/45170\/revisions"}],"wp:featuredmedia":[{"embeddable":true,"href":"https:\/\/archive.sana.sy\/tr\/index.php?rest_route=\/wp\/v2\/media\/45172"}],"wp:attachment":[{"href":"https:\/\/archive.sana.sy\/tr\/index.php?rest_route=%2Fwp%2Fv2%2Fmedia&parent=45170"}],"wp:term":[{"taxonomy":"category","embeddable":true,"href":"https:\/\/archive.sana.sy\/tr\/index.php?rest_route=%2Fwp%2Fv2%2Fcategories&post=45170"},{"taxonomy":"post_tag","embeddable":true,"href":"https:\/\/archive.sana.sy\/tr\/index.php?rest_route=%2Fwp%2Fv2%2Ftags&post=45170"}],"curies":[{"name":"wp","href":"https:\/\/api.w.org\/{rel}","templated":true}]}}