{"id":45173,"date":"2015-08-31T09:52:29","date_gmt":"2015-08-31T06:52:29","guid":{"rendered":"http:\/\/www.sana.sy\/tr\/?p=45173"},"modified":"2015-08-31T13:12:24","modified_gmt":"2015-08-31T10:12:24","slug":"hassun-komplo-suriye-halkinin-ahlaki-ve-insani-degerlerini-hedef-aliyor","status":"publish","type":"post","link":"https:\/\/archive.sana.sy\/tr\/?p=45173","title":{"rendered":"Hassun: Komplo Suriye Halk\u0131n\u0131n Ahlaki ve \u0130nsani De\u011ferlerini Hedef Al\u0131yor"},"content":{"rendered":"<p>\u015eAM \u2013 Cumhuriyet Ba\u015f M\u00fct\u00fcs\u00fc Ahmet Bedrettin Hassun, Suriye\u2019nni ulusal ba\u011f\u0131ms\u0131zl\u0131\u011f\u0131 ve kararlar\u0131 nedeniyle hedef al\u0131nd\u0131\u011f\u0131na i\u015faret ederek \u00fclkede ya\u015fanmakta olan krizi ortaya \u00e7\u0131karan komplonun Suriyelilerin ahlaki ve insani de\u011ferlerini hedef alarak d\u00fc\u015fmanlar\u0131n \u00e7\u0131karlar\u0131n\u0131 korudu\u011funu belirtti.<\/p>\n<p>Suriye\u2019yi ziyaret etmekte olan Hollandal\u0131 ve Bel\u00e7ikal\u0131 heyetle d\u00fcn bir araya gelen Hassun; yabanc\u0131 heyetlerin \u00fclkede ya\u015fanmakta olan ger\u00e7ekleri d\u00fcnya kamuoyuna aktarmas\u0131 y\u00f6n\u00fcyle b\u00fcy\u00fck bir \u00f6nem ta\u015f\u0131d\u0131\u011f\u0131n\u0131 dile getirdi.<\/p>\n<p>Di\u011fer taraftan ziyaretleri s\u0131ras\u0131nda, silahl\u0131 ter\u00f6r gruplar\u0131n\u0131n i\u015fledikleri b\u00fct\u00fcn katliamlar\u0131, insanl\u0131k su\u00e7lar\u0131n\u0131 ve tan\u0131k olduklar\u0131 b\u00fct\u00fcn ger\u00e7ekleri kendi \u00fclkeleri ve d\u00fcnya kamuoyuna ta\u015f\u0131yacaklar\u0131n\u0131 ifade eden heyet \u00fcyeleri, bu ziyaretin Suriye halk\u0131n\u0131n yan\u0131nda durduklar\u0131 ve ter\u00f6re kar\u015f\u0131 tarihi direni\u015fini destekledikleri mesaj\u0131n\u0131 iletmeyi ama\u00e7lad\u0131\u011f\u0131n\u0131 vurgulad\u0131lar.<\/p>\n<p><span style=\"color: #0000ff\">Radikal Fikir Sahiplerinin \u0130slamiyet ve M\u00fcsl\u00fcmanlarla Hi\u00e7bir \u0130lgisi Yoktur<\/span><\/p>\n<p>Di\u011fer yandan Hassun; Hollandal\u0131 ve Bel\u00e7ikal\u0131 heyetlerin ard\u0131ndan, Rusya\u2019da Suriyeli gurbet\u00e7ilerden olu\u015fan bir grup taraf\u0131ndan y\u00f6netilen \u201cSuriyeli \u00c7ocuklar\u0131 Desteklemek \u0130\u00e7in Hayat Fonu\u201d Y\u00f6netim Kurulu \u00dcyeleri ile bir araya geldi.<\/p>\n<p>Suriye\u2019nin maruz kald\u0131\u011f\u0131 b\u00fct\u00fcn sald\u0131r\u0131lar\u0131n, tarihi boyunca sergiledi\u011fi ulusal tutumlar\u0131n bir bedeli oldu\u011funa i\u015faret eden Hassun; M\u00fcsl\u00fcmanlar\u0131n sadece kendilerinden ibaret oldu\u011funu iddia eden radikal d\u00fc\u015f\u00fcnce sahiplerinin \u0130slamiyet ve M\u00fcsl\u00fcmanlarla hi\u00e7bir ilgisi bulunmad\u0131\u011f\u0131n\u0131n alt\u0131n\u0131 \u00e7izdi.<\/p>\n<p>F.B. &#8211; R.H.<\/p>\n","protected":false},"excerpt":{"rendered":"<p>\u015eAM \u2013 Cumhuriyet Ba\u015f M\u00fct\u00fcs\u00fc Ahmet Bedrettin Hassun, Suriye\u2019nni ulusal ba\u011f\u0131ms\u0131zl\u0131\u011f\u0131 ve kararlar\u0131 nedeniyle hedef al\u0131nd\u0131\u011f\u0131na i\u015faret ederek \u00fclkede ya\u015fanmakta olan krizi ortaya \u00e7\u0131karan komplonun Suriyelilerin ahlaki ve insani de\u011ferlerini hedef alarak d\u00fc\u015fmanlar\u0131n \u00e7\u0131karlar\u0131n\u0131 korudu\u011funu belirtti. Suriye\u2019yi ziyaret etmekte olan Hollandal\u0131 ve Bel\u00e7ikal\u0131 heyetle d\u00fcn bir araya gelen Hassun; yabanc\u0131 heyetlerin \u00fclkede ya\u015fanmakta olan ger\u00e7ekleri &hellip;<\/p>\n","protected":false},"author":1,"featured_media":45174,"comment_status":"closed","ping_status":"closed","sticky":false,"template":"","format":"standard","meta":{"footnotes":""},"categories":[479,478],"tags":[16483],"class_list":["post-45173","post","type-post","status-publish","format-standard","has-post-thumbnail","","category-haberler-yerel","category-yerel","tag-hassun-komplo-suriye-halkinin-ahlaki-ve-insani-degerlerini-hedef-aliyor-sam-cumhuriyet-mutusu-ahmet-bedrettin-hassun"],"_links":{"self":[{"href":"https:\/\/archive.sana.sy\/tr\/index.php?rest_route=\/wp\/v2\/posts\/45173","targetHints":{"allow":["GET"]}}],"collection":[{"href":"https:\/\/archive.sana.sy\/tr\/index.php?rest_route=\/wp\/v2\/posts"}],"about":[{"href":"https:\/\/archive.sana.sy\/tr\/index.php?rest_route=\/wp\/v2\/types\/post"}],"author":[{"embeddable":true,"href":"https:\/\/archive.sana.sy\/tr\/index.php?rest_route=\/wp\/v2\/users\/1"}],"replies":[{"embeddable":true,"href":"https:\/\/archive.sana.sy\/tr\/index.php?rest_route=%2Fwp%2Fv2%2Fcomments&post=45173"}],"version-history":[{"count":0,"href":"https:\/\/archive.sana.sy\/tr\/index.php?rest_route=\/wp\/v2\/posts\/45173\/revisions"}],"wp:featuredmedia":[{"embeddable":true,"href":"https:\/\/archive.sana.sy\/tr\/index.php?rest_route=\/wp\/v2\/media\/45174"}],"wp:attachment":[{"href":"https:\/\/archive.sana.sy\/tr\/index.php?rest_route=%2Fwp%2Fv2%2Fmedia&parent=45173"}],"wp:term":[{"taxonomy":"category","embeddable":true,"href":"https:\/\/archive.sana.sy\/tr\/index.php?rest_route=%2Fwp%2Fv2%2Fcategories&post=45173"},{"taxonomy":"post_tag","embeddable":true,"href":"https:\/\/archive.sana.sy\/tr\/index.php?rest_route=%2Fwp%2Fv2%2Ftags&post=45173"}],"curies":[{"name":"wp","href":"https:\/\/api.w.org\/{rel}","templated":true}]}}