{"id":45186,"date":"2015-08-31T10:09:01","date_gmt":"2015-08-31T07:09:01","guid":{"rendered":"http:\/\/www.sana.sy\/tr\/?p=45186"},"modified":"2015-08-31T10:09:01","modified_gmt":"2015-08-31T07:09:01","slug":"amac-cocuklarin-yuzune-bir-tebessum-resmetmek","status":"publish","type":"post","link":"https:\/\/archive.sana.sy\/tr\/?p=45186","title":{"rendered":"Ama\u00e7 \u00c7ocuklar\u0131n Y\u00fcz\u00fcne Bir Tebess\u00fcm Resmetmek"},"content":{"rendered":"<p>\u015eam Valili\u011finde E\u011fitim ve Rehabilitasyon M\u00fcd\u00fcrl\u00fc\u011f\u00fc; ge\u00e7ici ikame merkezlerinde bulunan \u00e7ocuklar\u0131n kendilerine olan g\u00fcvenlerini geli\u015ftirmek ve y\u00fczlerine bir tebess\u00fcm resmetmek amac\u0131yla haz\u0131rlad\u0131\u011f\u0131 program kapsam\u0131nda d\u00fcn Mezze semtinde bulunan Samiye Merkezinde bir dizi faaliyet d\u00fczenledi.<\/p>\n<p>E\u011fitim, sanat ve e\u011flence i\u00e7erikli faaliyetlerde yer alan \u00e7ocuklar bir yandan yeteneklerini geli\u015ftirirken bir yandan da e\u011flendiler.<\/p>\n<p>https:\/\/www.youtube.com\/watch?v=iN_HrDYWhaQ<\/p>\n<p>F.B. &#8211; R.H.<\/p>\n","protected":false},"excerpt":{"rendered":"<p>\u015eam Valili\u011finde E\u011fitim ve Rehabilitasyon M\u00fcd\u00fcrl\u00fc\u011f\u00fc; ge\u00e7ici ikame merkezlerinde bulunan \u00e7ocuklar\u0131n kendilerine olan g\u00fcvenlerini geli\u015ftirmek ve y\u00fczlerine bir tebess\u00fcm resmetmek amac\u0131yla haz\u0131rlad\u0131\u011f\u0131 program kapsam\u0131nda d\u00fcn Mezze semtinde bulunan Samiye Merkezinde bir dizi faaliyet d\u00fczenledi. E\u011fitim, sanat ve e\u011flence i\u00e7erikli faaliyetlerde yer alan \u00e7ocuklar bir yandan yeteneklerini geli\u015ftirirken bir yandan da e\u011flendiler. https:\/\/www.youtube.com\/watch?v=iN_HrDYWhaQ F.B. &#8211; R.H.<\/p>\n","protected":false},"author":1,"featured_media":45187,"comment_status":"closed","ping_status":"closed","sticky":false,"template":"","format":"standard","meta":{"footnotes":""},"categories":[1],"tags":[],"class_list":["post-45186","post","type-post","status-publish","format-standard","has-post-thumbnail","","category-news-not-sorted"],"_links":{"self":[{"href":"https:\/\/archive.sana.sy\/tr\/index.php?rest_route=\/wp\/v2\/posts\/45186","targetHints":{"allow":["GET"]}}],"collection":[{"href":"https:\/\/archive.sana.sy\/tr\/index.php?rest_route=\/wp\/v2\/posts"}],"about":[{"href":"https:\/\/archive.sana.sy\/tr\/index.php?rest_route=\/wp\/v2\/types\/post"}],"author":[{"embeddable":true,"href":"https:\/\/archive.sana.sy\/tr\/index.php?rest_route=\/wp\/v2\/users\/1"}],"replies":[{"embeddable":true,"href":"https:\/\/archive.sana.sy\/tr\/index.php?rest_route=%2Fwp%2Fv2%2Fcomments&post=45186"}],"version-history":[{"count":0,"href":"https:\/\/archive.sana.sy\/tr\/index.php?rest_route=\/wp\/v2\/posts\/45186\/revisions"}],"wp:featuredmedia":[{"embeddable":true,"href":"https:\/\/archive.sana.sy\/tr\/index.php?rest_route=\/wp\/v2\/media\/45187"}],"wp:attachment":[{"href":"https:\/\/archive.sana.sy\/tr\/index.php?rest_route=%2Fwp%2Fv2%2Fmedia&parent=45186"}],"wp:term":[{"taxonomy":"category","embeddable":true,"href":"https:\/\/archive.sana.sy\/tr\/index.php?rest_route=%2Fwp%2Fv2%2Fcategories&post=45186"},{"taxonomy":"post_tag","embeddable":true,"href":"https:\/\/archive.sana.sy\/tr\/index.php?rest_route=%2Fwp%2Fv2%2Ftags&post=45186"}],"curies":[{"name":"wp","href":"https:\/\/api.w.org\/{rel}","templated":true}]}}