{"id":45189,"date":"2015-08-31T10:12:18","date_gmt":"2015-08-31T07:12:18","guid":{"rendered":"http:\/\/www.sana.sy\/tr\/?p=45189"},"modified":"2015-08-31T10:12:18","modified_gmt":"2015-08-31T07:12:18","slug":"urdunlu-milliyetci-gencler-suriye-ile-dayanisma-icerisindeler","status":"publish","type":"post","link":"https:\/\/archive.sana.sy\/tr\/?p=45189","title":{"rendered":"\u00dcrd\u00fcnl\u00fc Milliyet\u00e7i Gen\u00e7ler Suriye \u0130le Dayan\u0131\u015fma \u0130\u00e7erisindeler"},"content":{"rendered":"<p>AMMAN \u2013 \u00dcrd\u00fcnl\u00fc Milliyet\u00e7i bir grup gen\u00e7 Suriye\u2019nin \u00dcrd\u00fcn\u2019\u00fcn Ba\u015fkenti Amman\u2019da bulunan b\u00fcy\u00fckel\u00e7ili\u011fini ziyaret ederek Suriye y\u00f6netimi, halk\u0131 ve ordusu ile dayan\u0131\u015fma i\u00e7erisinde olduklar\u0131n\u0131 ifade ettiler.<\/p>\n<p>Suriye Arap Ordusunun ter\u00f6re kar\u015f\u0131 sa\u011flad\u0131\u011f\u0131 ba\u015far\u0131lar\u0131 \u00f6vg\u00fcl\u00fc c\u00fcmlelerle kutlayan \u00dcrd\u00fcnl\u00fc milliyet\u00e7i gen\u00e7ler Suriye\u2019nin ter\u00f6re kar\u015f\u0131 kazand\u0131\u011f\u0131 zaferin ter\u00f6re kar\u015f\u0131 m\u00fccadele eden b\u00fct\u00fcn uluslar i\u00e7in bir ilham kayna\u011f\u0131 te\u015fkil etti\u011fini belirttiler.<\/p>\n<p>Milliyet\u00e7i gen\u00e7ler ayr\u0131ca Suriye\u2019nin Amman\u2019daki b\u00fcy\u00fckel\u00e7ili\u011finin b\u00fct\u00fcn Arap ulusunun evi oldu\u011funun alt\u0131n\u0131 \u00e7izdiler.<\/p>\n<p>F.B. &#8211; R.H.<\/p>\n","protected":false},"excerpt":{"rendered":"<p>AMMAN \u2013 \u00dcrd\u00fcnl\u00fc Milliyet\u00e7i bir grup gen\u00e7 Suriye\u2019nin \u00dcrd\u00fcn\u2019\u00fcn Ba\u015fkenti Amman\u2019da bulunan b\u00fcy\u00fckel\u00e7ili\u011fini ziyaret ederek Suriye y\u00f6netimi, halk\u0131 ve ordusu ile dayan\u0131\u015fma i\u00e7erisinde olduklar\u0131n\u0131 ifade ettiler. Suriye Arap Ordusunun ter\u00f6re kar\u015f\u0131 sa\u011flad\u0131\u011f\u0131 ba\u015far\u0131lar\u0131 \u00f6vg\u00fcl\u00fc c\u00fcmlelerle kutlayan \u00dcrd\u00fcnl\u00fc milliyet\u00e7i gen\u00e7ler Suriye\u2019nin ter\u00f6re kar\u015f\u0131 kazand\u0131\u011f\u0131 zaferin ter\u00f6re kar\u015f\u0131 m\u00fccadele eden b\u00fct\u00fcn uluslar i\u00e7in bir ilham kayna\u011f\u0131 te\u015fkil &hellip;<\/p>\n","protected":false},"author":1,"featured_media":45190,"comment_status":"closed","ping_status":"closed","sticky":false,"template":"","format":"standard","meta":{"footnotes":""},"categories":[458,459,447],"tags":[16488,16487],"class_list":["post-45189","post","type-post","status-publish","format-standard","has-post-thumbnail","","category-dunya1","category-haberler-arap-uluslararasi-politika","category-politika","tag-halki-ve-ordusu-ile-dayanisma-icerisinde-olduklarini-ifade-ettiler","tag-urdunlu-milliyetci-gencler-suriye-ile-dayanisma-icerisindeler-amman-urdunlu-milliyetci-bir-grup-genc-suriyenin-urdunun-baskenti-ammanda-bulunan-buyukelciligini-ziy"],"_links":{"self":[{"href":"https:\/\/archive.sana.sy\/tr\/index.php?rest_route=\/wp\/v2\/posts\/45189","targetHints":{"allow":["GET"]}}],"collection":[{"href":"https:\/\/archive.sana.sy\/tr\/index.php?rest_route=\/wp\/v2\/posts"}],"about":[{"href":"https:\/\/archive.sana.sy\/tr\/index.php?rest_route=\/wp\/v2\/types\/post"}],"author":[{"embeddable":true,"href":"https:\/\/archive.sana.sy\/tr\/index.php?rest_route=\/wp\/v2\/users\/1"}],"replies":[{"embeddable":true,"href":"https:\/\/archive.sana.sy\/tr\/index.php?rest_route=%2Fwp%2Fv2%2Fcomments&post=45189"}],"version-history":[{"count":0,"href":"https:\/\/archive.sana.sy\/tr\/index.php?rest_route=\/wp\/v2\/posts\/45189\/revisions"}],"wp:featuredmedia":[{"embeddable":true,"href":"https:\/\/archive.sana.sy\/tr\/index.php?rest_route=\/wp\/v2\/media\/45190"}],"wp:attachment":[{"href":"https:\/\/archive.sana.sy\/tr\/index.php?rest_route=%2Fwp%2Fv2%2Fmedia&parent=45189"}],"wp:term":[{"taxonomy":"category","embeddable":true,"href":"https:\/\/archive.sana.sy\/tr\/index.php?rest_route=%2Fwp%2Fv2%2Fcategories&post=45189"},{"taxonomy":"post_tag","embeddable":true,"href":"https:\/\/archive.sana.sy\/tr\/index.php?rest_route=%2Fwp%2Fv2%2Ftags&post=45189"}],"curies":[{"name":"wp","href":"https:\/\/api.w.org\/{rel}","templated":true}]}}