{"id":4529,"date":"2014-07-03T15:17:18","date_gmt":"2014-07-03T12:17:18","guid":{"rendered":"http:\/\/www.sana.sy\/tr\/?p=4529"},"modified":"2014-07-03T15:17:18","modified_gmt":"2014-07-03T12:17:18","slug":"hasekeye-6-ay-yetecek-nitelikli-ilaclar-ulastirildi","status":"publish","type":"post","link":"https:\/\/archive.sana.sy\/tr\/?p=4529","title":{"rendered":"Haseke\u2019ye 6 Ay yetecek Nitelikli \u0130la\u00e7lar Ula\u015ft\u0131r\u0131ld\u0131"},"content":{"rendered":"<p>HASEKE \u2013 D\u0131\u015f Ticaret Kamu \u015eirketinin Haseke \u0130l M\u00fcd\u00fcr\u00fc Semar el Sovmai; Haseke iline alt\u0131 ayl\u0131k bir s\u00fcre yetecek miktarda muhtelif t\u00fcr nitelikli ila\u00e7lardan olu\u015fan bir ila\u00e7 partisinin Haseke Kentine ula\u015ft\u0131\u011f\u0131n\u0131 belirtti.<\/p>\n<p>Sovmai il genelinde en \u00e7ok aranan ve gerek duyulan ila\u00e7 t\u00fcrlerinden olu\u015fan partinin en k\u0131sa zamanda il genelinde \u00f6zel ve kamu sa\u011fl\u0131k sekt\u00f6rlerine da\u011f\u0131t\u0131laca\u011f\u0131n\u0131 ifade etti.<\/p>\n<p>Bunun il genelinde ila\u00e7 fiyatlar\u0131n\u0131 d\u00fc\u015f\u00fcrece\u011fine i\u015faret eden Sovmai; vatanda\u015flara verilen t\u0131bbi hizmet kalitesinin de peki\u015ftirilmesine yol a\u00e7aca\u011f\u0131na dikkat \u00e7ekti.<\/p>\n","protected":false},"excerpt":{"rendered":"<p>HASEKE \u2013 D\u0131\u015f Ticaret Kamu \u015eirketinin Haseke \u0130l M\u00fcd\u00fcr\u00fc Semar el Sovmai; Haseke iline alt\u0131 ayl\u0131k bir s\u00fcre yetecek miktarda muhtelif t\u00fcr nitelikli ila\u00e7lardan olu\u015fan bir ila\u00e7 partisinin Haseke Kentine ula\u015ft\u0131\u011f\u0131n\u0131 belirtti. Sovmai il genelinde en \u00e7ok aranan ve gerek duyulan ila\u00e7 t\u00fcrlerinden olu\u015fan partinin en k\u0131sa zamanda il genelinde \u00f6zel ve kamu sa\u011fl\u0131k sekt\u00f6rlerine &hellip;<\/p>\n","protected":false},"author":1,"featured_media":4530,"comment_status":"closed","ping_status":"closed","sticky":false,"template":"","format":"standard","meta":{"footnotes":""},"categories":[1],"tags":[989],"class_list":["post-4529","post","type-post","status-publish","format-standard","has-post-thumbnail","","category-news-not-sorted","tag-hasekeye-6-ay-yetecek-nitelikli-ilaclar-ulastirildi"],"_links":{"self":[{"href":"https:\/\/archive.sana.sy\/tr\/index.php?rest_route=\/wp\/v2\/posts\/4529","targetHints":{"allow":["GET"]}}],"collection":[{"href":"https:\/\/archive.sana.sy\/tr\/index.php?rest_route=\/wp\/v2\/posts"}],"about":[{"href":"https:\/\/archive.sana.sy\/tr\/index.php?rest_route=\/wp\/v2\/types\/post"}],"author":[{"embeddable":true,"href":"https:\/\/archive.sana.sy\/tr\/index.php?rest_route=\/wp\/v2\/users\/1"}],"replies":[{"embeddable":true,"href":"https:\/\/archive.sana.sy\/tr\/index.php?rest_route=%2Fwp%2Fv2%2Fcomments&post=4529"}],"version-history":[{"count":0,"href":"https:\/\/archive.sana.sy\/tr\/index.php?rest_route=\/wp\/v2\/posts\/4529\/revisions"}],"wp:featuredmedia":[{"embeddable":true,"href":"https:\/\/archive.sana.sy\/tr\/index.php?rest_route=\/wp\/v2\/media\/4530"}],"wp:attachment":[{"href":"https:\/\/archive.sana.sy\/tr\/index.php?rest_route=%2Fwp%2Fv2%2Fmedia&parent=4529"}],"wp:term":[{"taxonomy":"category","embeddable":true,"href":"https:\/\/archive.sana.sy\/tr\/index.php?rest_route=%2Fwp%2Fv2%2Fcategories&post=4529"},{"taxonomy":"post_tag","embeddable":true,"href":"https:\/\/archive.sana.sy\/tr\/index.php?rest_route=%2Fwp%2Fv2%2Ftags&post=4529"}],"curies":[{"name":"wp","href":"https:\/\/api.w.org\/{rel}","templated":true}]}}