{"id":45300,"date":"2015-08-31T15:44:47","date_gmt":"2015-08-31T12:44:47","guid":{"rendered":"http:\/\/sana.sy\/tr\/?p=45300"},"modified":"2015-09-01T16:29:05","modified_gmt":"2015-09-01T13:29:05","slug":"kin-ve-ofkelerini-sivillere-kusmaya-devam-ediyorlar","status":"publish","type":"post","link":"https:\/\/archive.sana.sy\/tr\/?p=45300","title":{"rendered":"Kin ve \u00d6fkelerini Sivillere Kusmaya Devam Ediyorlar"},"content":{"rendered":"<p>\u0130LLER \u2013 T\u00fcrkiye&#8217;deki Erdo\u011fan ve rejimi, \u0130srail, \u00dcrd\u00fcn Suudi Arabistan, katar ve daha ba\u015fka devletlerin destekledikleri tekfirci ve vatan haini ter\u00f6ristler ordu birliklerimiz kar\u015f\u0131s\u0131nda u\u011frad\u0131klar\u0131 a\u011f\u0131r kay\u0131plar\u0131n \u00f6fkesini masum sivillere kusmaya devam ediyor.<\/p>\n<p><span style=\"color: #0000ff\">\u0130DL\u0130B:<\/span><\/p>\n<p>\u0130dlib k\u0131rsal\u0131 Fua ve Kefrayya beldelerinde yerel kaynaklar; \u2018Fetih Ordusu\u2019 ad\u0131yla vah\u015fet estiren Erdo\u011fan \u00e7etelerinin bug\u00fcn de iki beldeyi f\u00fcze ve roket ya\u011fmuruna tutmaya devam ettiklerini belirtti.<\/p>\n<p>Kaynaklar korkak sald\u0131r\u0131larda aralar\u0131nda bir \u00e7ocu\u011fun bulundu\u011fu 6 vatanda\u015f\u0131n \u015fehit d\u00fc\u015ft\u00fc\u011f\u00fcn\u00fc, bir\u00e7ok vatanda\u015f\u0131n da yaraland\u0131\u011f\u0131n\u0131 ifade ederken sivil evlerde b\u00fcy\u00fck hasarlar\u0131n olu\u015ftu\u011funu s\u00f6yledi.<\/p>\n<p><span style=\"color: #0000ff\">\u015eAM:<\/span><\/p>\n<p>\u015eam Emniyet m\u00fcd\u00fcrl\u00fc\u011f\u00fcnde bir kaynak ise ter\u00f6ristlerin ba\u015fkentin Muhacirin Semtini havan roketleriyle hedef ald\u0131klar\u0131n\u0131 ifade etti. Kaynak sald\u0131r\u0131da aralar\u0131nda bir k\u0131z\u0131n bulundu\u011fu 9 vatanda\u015f\u0131n yaraland\u0131\u011f\u0131n\u0131, ev ve ara\u00e7lar\u0131n maddi hasar g\u00f6rd\u00fc\u011f\u00fcn\u00fc kaydetti.<\/p>\n<p>Do\u011fu \u011euta B\u00f6lgesindeki ter\u00f6ristlerin d\u00fcn \u015eam\u2019\u0131n muhtelif b\u00f6lgelerini hedef almalar\u0131yla 1 \u00e7ocuk ve 2 k\u0131z\u0131n aralar\u0131nda bulundu\u011fu toplam 4 vatanda\u015f \u015fehit d\u00fc\u015fm\u00fc\u015f, geneli \u00e7ocuk ve kad\u0131nlardan olu\u015fan 28 ki\u015fi de yaralanm\u0131\u015ft\u0131.<\/p>\n","protected":false},"excerpt":{"rendered":"<p>\u0130LLER \u2013 T\u00fcrkiye&#8217;deki Erdo\u011fan ve rejimi, \u0130srail, \u00dcrd\u00fcn Suudi Arabistan, katar ve daha ba\u015fka devletlerin destekledikleri tekfirci ve vatan haini ter\u00f6ristler ordu birliklerimiz kar\u015f\u0131s\u0131nda u\u011frad\u0131klar\u0131 a\u011f\u0131r kay\u0131plar\u0131n \u00f6fkesini masum sivillere kusmaya devam ediyor. \u0130DL\u0130B: \u0130dlib k\u0131rsal\u0131 Fua ve Kefrayya beldelerinde yerel kaynaklar; \u2018Fetih Ordusu\u2019 ad\u0131yla vah\u015fet estiren Erdo\u011fan \u00e7etelerinin bug\u00fcn de iki beldeyi f\u00fcze ve &hellip;<\/p>\n","protected":false},"author":1,"featured_media":45302,"comment_status":"closed","ping_status":"closed","sticky":false,"template":"","format":"standard","meta":{"footnotes":""},"categories":[479,575,478],"tags":[16498],"class_list":["post-45300","post","type-post","status-publish","format-standard","has-post-thumbnail","","category-haberler-yerel","category-olaylar-ve-gercekler","category-yerel","tag-kin-ve-ofkelerini-sivillere-kusmaya-devam-ediyorlar"],"_links":{"self":[{"href":"https:\/\/archive.sana.sy\/tr\/index.php?rest_route=\/wp\/v2\/posts\/45300","targetHints":{"allow":["GET"]}}],"collection":[{"href":"https:\/\/archive.sana.sy\/tr\/index.php?rest_route=\/wp\/v2\/posts"}],"about":[{"href":"https:\/\/archive.sana.sy\/tr\/index.php?rest_route=\/wp\/v2\/types\/post"}],"author":[{"embeddable":true,"href":"https:\/\/archive.sana.sy\/tr\/index.php?rest_route=\/wp\/v2\/users\/1"}],"replies":[{"embeddable":true,"href":"https:\/\/archive.sana.sy\/tr\/index.php?rest_route=%2Fwp%2Fv2%2Fcomments&post=45300"}],"version-history":[{"count":0,"href":"https:\/\/archive.sana.sy\/tr\/index.php?rest_route=\/wp\/v2\/posts\/45300\/revisions"}],"wp:featuredmedia":[{"embeddable":true,"href":"https:\/\/archive.sana.sy\/tr\/index.php?rest_route=\/wp\/v2\/media\/45302"}],"wp:attachment":[{"href":"https:\/\/archive.sana.sy\/tr\/index.php?rest_route=%2Fwp%2Fv2%2Fmedia&parent=45300"}],"wp:term":[{"taxonomy":"category","embeddable":true,"href":"https:\/\/archive.sana.sy\/tr\/index.php?rest_route=%2Fwp%2Fv2%2Fcategories&post=45300"},{"taxonomy":"post_tag","embeddable":true,"href":"https:\/\/archive.sana.sy\/tr\/index.php?rest_route=%2Fwp%2Fv2%2Ftags&post=45300"}],"curies":[{"name":"wp","href":"https:\/\/api.w.org\/{rel}","templated":true}]}}