{"id":45307,"date":"2015-08-31T20:25:21","date_gmt":"2015-08-31T17:25:21","guid":{"rendered":"http:\/\/sana.sy\/tr\/?p=45307"},"modified":"2015-09-01T15:30:29","modified_gmt":"2015-09-01T12:30:29","slug":"destek-hatlari-ve-yuvalari-nitelikli-operasyonlarla-imha-ediliyor","status":"publish","type":"post","link":"https:\/\/archive.sana.sy\/tr\/?p=45307","title":{"rendered":"Destek Hatlar\u0131 ve Yuvalar\u0131 Nitelikli Operasyonlarla \u0130mha Ediliyor"},"content":{"rendered":"<p>\u0130LLER \u2013 Vatan koruyucular\u0131m\u0131z ulusal egemenlik ve onuru koruma kararl\u0131l\u0131\u011f\u0131yla bug\u00fcn d\u0131\u015f destekli tekfirci ve vatan hainlerine kar\u015f\u0131 operasyonlar\u0131n\u0131 s\u00fcrd\u00fcr\u00fcrlerken; kom\u015fu devletlerden destek hatlar\u0131 ve toplanma yerlerini nitelikli operasyonlarla imha etti.<\/p>\n<p><span style=\"color: #0000ff\">\u015eAM KIRSALI:<\/span><\/p>\n<p>Askeri kaynak; ordu birliklerimizin L\u00fcbnan direni\u015f g\u00fc\u00e7leriyle i\u015fbirli\u011fi i\u00e7inde \u015eam k\u0131rsal\u0131 Zebadani Kentinin ortas\u0131na d\u00fc\u015fen el \u015eerif el \u0130driysi Okulu ve el Cisr Semtine ilaveten Bat\u0131 Semtindeki ana caddede ter\u00f6ristlerin son mevkilerini imha edip kontrol ve g\u00fcvenli\u011fi sa\u011flad\u0131klar\u0131n\u0131 bayan etti.<\/p>\n<p>Di\u011fer yandan SANA muhabirine a\u00e7\u0131klamalar yapan kaynaklar; ordu birliklerimizin \u015eam k\u0131rsal\u0131 Herasta\u2019n\u0131n Bat\u0131 semtlerinde \u2018\u0130slam Ordusu\u2019 ve \u2018Fecir el Umme\u2019 ter\u00f6r \u00e7etelerin yuvalar\u0131n\u0131 imha ederken 7 ter\u00f6risti \u00f6ld\u00fcr\u00fcp bir\u00e7ok ter\u00f6risti de yaral\u0131 d\u00fc\u015f\u00fcrd\u00fcklerini aktard\u0131.<\/p>\n<p>Bu arada ter\u00f6r \u00e7eteleri medya ara\u00e7lar\u0131nda \u2018Do\u011fu \u011euta\u2019daki Ecnad el \u015eam \u0130slami Birli\u011fi\u2019nin komutan\u0131 \u2018Ebu el Velid\u2019 kod ad\u0131yla bilenen Kas\u0131m Halave\u2019nin \u00f6ld\u00fcr\u00fcld\u00fc\u011f\u00fcn\u00fc itiraf etti.<\/p>\n<p>Kaynaklar; Do\u011fu \u011euta\u2019n\u0131n g\u00fcneyi Zebdin \u00e7iftliklerinde ise \u2018\u0130slam Ordusu\u2019na kar\u015f\u0131 askeri operasyonlar\u0131n\u0131 s\u00fcrd\u00fcren ordu birliklerimizin aralar\u0131nda yabanc\u0131 uyruklular\u0131n\u0131n bulundu\u011fu 7 ter\u00f6risti \u00f6ld\u00fcr\u00fcp 3 arac\u0131 da imha ettiklerine dikkat \u00e7ekti.<\/p>\n<p><span style=\"color: #0000ff\">DERA:<\/span><\/p>\n<p>Ordu birliklerimiz Dera\u2019da tekfirci ve hainlere kar\u015f\u0131 operasyonlar\u0131 kapsam\u0131nda bug\u00fcn; \u0130srail, T\u00fcrkiye, ABD, Fransa, \u0130ngiltere ve daha ba\u015fka devletlerin istihbarat subaylar\u0131n\u0131n bulunduklar\u0131 operasyon odas\u0131 ve e\u011fitim kamplar\u0131na ev sahipli\u011fi yapan \u00dcrd\u00fcn\u2019den destek hatlar\u0131n\u0131 hedef ald\u0131.<\/p>\n<p>SANA\u2019ya a\u00e7\u0131klama yapan askeri kaynak; ordu birliklerimizin Dera k\u0131rsal\u0131n\u0131n kuzeydo\u011fusu Do\u011fu kerk Beldesinde Nusra Cephesi ve \u015femsiyesi alt\u0131ndaki di\u011fer ter\u00f6r \u00f6rg\u00fctlerin toplanma yerlerine ek olarak bir k\u0131sm\u0131 a\u011f\u0131r silahlarla donat\u0131lm\u0131\u015f bir\u00e7ok arac\u0131n\u0131 imha ettiklerini s\u00f6yledi.<\/p>\n<p>Dera k\u0131rsal\u0131n\u0131n kuzeyi Etman Beldesinde ise kaynak ordu birliklerimizin \u00e7ok say\u0131da ter\u00f6risti \u00f6l\u00fc yaral\u0131 d\u00fc\u015f\u00fcr\u00fcrken, cephane y\u00fckl\u00fc bir arac\u0131 muhtevalar\u0131yla imha ettiklerini aktard\u0131.<\/p>\n<p>Kaynak Dera Beled\u2019in muhtelif b\u00f6lgelerinde d\u00fczenlenen operasyonlarda da yine bir\u00e7ok ter\u00f6ristin \u00f6ld\u00fcr\u00fcld\u00fc\u011f\u00fcn\u00fc, bir ara\u00e7 ve bir dozerlerinin de imha edildi\u011fini s\u00f6yledi.<\/p>\n<p><span style=\"color: #0000ff\">LAZK\u0130YE:<\/span><\/p>\n<p>Lazkiye k\u0131rsal\u0131nda Erdo\u011fan rejiminin toplay\u0131p Suriye ve halk\u0131na kar\u015f\u0131 sald\u0131\u011f\u0131 ter\u00f6r \u00e7etelere kar\u015f\u0131 operasyonlar\u0131 kapsam\u0131nda ordu birliklerimiz bug\u00fcn 37 ter\u00f6risti \u00f6ld\u00fcrd\u00fc.<\/p>\n<p>Bununla birlikte; ordu birliklerimizin Lazkiye k\u0131rsal\u0131n\u0131n kuzeyi Cebel el \u011eedr ve Furullok Dilenme \u0130stasyonsunda ter\u00f6r gruplar\u0131n\u0131n askeri noktalara s\u0131zma giri\u015fimlerini \u00e7\u00f6kertmeleriyle 25\u2019ten fazla ter\u00f6rist i \u00f6ld\u00fcr\u00fcp havzalar\u0131nda bulunan silah ve m\u00fchimmatlar\u0131 imha ettiklerine i\u015faret etti.<\/p>\n<p>Bu arada kaynak; hava g\u00fc\u00e7lerimizin Lazkiye k\u0131rsal\u0131n\u0131n kuzeyi\u00a0Arasit, \u011eniyme, Ayn el Kantra, Rabie,\u00a0Kensebba, Selma, Maroniyat ve Kasatel b\u00f6lgelerinde aralar\u0131nda \u00c7e\u00e7en uyruklu 9 ter\u00f6ristin bulundu\u011fu onlarca ter\u00f6risti \u00f6l\u00fc ve yaral\u0131 d\u00fc\u015f\u00fcrd\u00fcklerini ifade etti.<\/p>\n<p>Lazkiye k\u0131rsal\u0131n\u0131n kuzeyinde medya kaynaklar\u0131; Yakubiye K\u00f6y\u00fcnde geneli yabanc\u0131 uyruklu olan ter\u00f6ristlerin ordu birliklerimizin darbeleri alt\u0131nda a\u011f\u0131r kay\u0131plara u\u011framalar\u0131 ard\u0131ndan \u00c7e\u00e7enli 25 ter\u00f6ristin T\u00fcrkiye s\u0131n\u0131rlar\u0131 y\u00f6n\u00fcne ka\u00e7t\u0131klar\u0131n\u0131 aktard\u0131.<\/p>\n<p>Ordu birliklerimiz d\u00fcn Rabia B\u00f6lgesinde aralar\u0131nda \u00c7e\u00e7enli ter\u00f6ristlerin bulundu\u011fu Erdo\u011fan \u00e7etesi \u00e7ok say\u0131da ter\u00f6risti \u00f6ld\u00fcrm\u00fc\u015flerdi.<\/p>\n<p><span style=\"color: #0000ff\">S\u00dcVEYDA:<\/span><\/p>\n<p>Ordu birliklerimiz halk savunma g\u00fc\u00e7leriyle i\u015fbirli\u011fi i\u00e7inde S\u00fcveyda Kentinin 34 km g\u00fcneydo\u011fusuna d\u00fc\u015fen \u015eaef Beldesinin \u00e7evresinde \u0130srail\u2019e ba\u011fl\u0131 ter\u00f6r \u00f6rg\u00fctlere ait mevki ve ara\u00e7lar\u0131 imha etti.<\/p>\n<p>Askeri kaynak; ordu birliklerimizin S\u00fcveyda k\u0131rsal\u0131 \u015eaef Beldesinde ter\u00f6ristlerin toplanma yerleri ve \u00dcrd\u00fcn y\u00f6n\u00fcnden destek yollar\u0131na y\u00f6nelik operasyonlar\u0131n\u0131 s\u00fcrd\u00fcrd\u00fcklerini belirtti. Kaynak; operasyonlarda bir\u00e7ok ter\u00f6ristin \u00f6ld\u00fcr\u00fcl\u00fcp bir k\u0131sm\u0131 a\u011f\u0131r makineli silahla donat\u0131lm\u0131\u015f ara\u00e7lar\u0131n\u0131n imha edildi\u011fine dikkat \u00e7ekti.<\/p>\n<p>Kaynak; ordu birliklerimizin halk savunma g\u00fc\u00e7leriyle i\u015fbirli\u011fi i\u00e7inde S\u00fcveyda k\u0131rsal\u0131n\u0131n kuzeydo\u011fusu Tel B\u00fcseyne civar\u0131 ve Harfu\u015f \u00c7iftli\u011fine I\u015e\u0130D\u2019e tabi ter\u00f6r gruplar\u0131n\u0131n s\u0131zma giri\u015fimlerini \u00e7\u00f6kertmelerine e\u015f zamanl\u0131 olarak Sakiye K\u00f6y\u00fcnde yuvalar\u0131n\u0131 muhtevalar\u0131yla birlikte imha ettiklerini aktard\u0131.<\/p>\n<p>G\u00fcn i\u00e7erisinde a\u00e7\u0131klama yapan bir kaynak; ordu birliklerimizin S\u00fcveyda k\u0131rsal\u0131 Tel Suad B\u00f6lgesinden Tel Muaz ve \u015eaka Beldesine s\u0131zan ter\u00f6ristlerle \u015fiddetli \u00e7at\u0131\u015fmalara girdiklerini, \u00e7at\u0131\u015fmalarda say\u0131 ve te\u00e7hizatlar\u0131yla a\u011f\u0131r kay\u0131plar veren ter\u00f6ristlerin arkalar\u0131nda Hi-Lux Pikap tipi bir ara\u00e7 b\u0131rak\u0131p ka\u00e7t\u0131klar\u0131n\u0131 s\u00f6yledi.<\/p>\n<p><span style=\"color: #0000ff\">\u0130DL\u0130B:<\/span><\/p>\n<p>\u00d6te yandan hava g\u00fc\u00e7lerimiz \u0130dlib ve k\u0131rsal\u0131nda Vahhabi \u00c2l Suud ve \u0130hvanc\u0131 Erdo\u011fan rejimlerine ba\u011fl\u0131 \u2018Fetih Ordusu\u2019na tabi karargah ve mevkilere hava operasyonlar\u0131 d\u00fczenledi.<\/p>\n<p>Askeri kaynak; \u0130dlib k\u0131rsal\u0131n\u0131n g\u00fcneyi Mhambel, Kefar Nubbul, Serakib, Toum, Tera ve Ovrm el Cevz b\u00f6lgelerinde ter\u00f6ristlerin mevkilerini hedef alan hava g\u00fc\u00e7lerimizin a\u011f\u0131r makineli silahlarla donat\u0131lm\u0131\u015f ara\u00e7lar\u0131n\u0131 imha ederek \u00e7ok say\u0131da ter\u00f6risti \u00f6l\u00fc ve yaral\u0131 d\u00fc\u015f\u00fcrd\u00fcklerini s\u00f6yledi.<\/p>\n<p>Kaynak; hava g\u00fc\u00e7lerimizin \u0130dlib k\u0131rsal\u0131n\u0131n g\u00fcneybat\u0131s\u0131 Kefar Aved, Besamis, Hmeymat ve Ziyadiye b\u00f6lgelerinde de \u2018Fetih Ordusu\u2019nun saflar\u0131nda a\u011f\u0131r kay\u0131plara yola a\u00e7t\u0131klar\u0131n\u0131 aktard\u0131.<\/p>\n<p>Hava g\u00fc\u00e7lerimiz \u0130dlib k\u0131rsal\u0131 Muarret M\u0131srin ve Ebu Zuhur b\u00f6lgelerinde \u2018Fetih Ordusu\u2019nun siper ve karargahlar\u0131n\u0131 hedef alarak \u00e7ok say\u0131da ter\u00f6risti \u00f6l\u00fc ve yaral\u0131 d\u00fc\u015f\u00fcrd\u00fc.<\/p>\n<p><span style=\"color: #0000ff\">HOMS:<\/span><\/p>\n<p>Askeri kaynak Homs Kentinin 80 km do\u011fusuna d\u00fc\u015fen Karyeteyn Kasabas\u0131 kav\u015fa\u011f\u0131ndaki Sleybe \u00e7iftliklerinde ise ordu birliklerimizin I\u015e\u0130D ter\u00f6r \u00f6rg\u00fct\u00fcn\u00fcn hareketlenmeleri ve toplanma merkezlerini imha etmeleri sonucunda \u00e7ok say\u0131da ter\u00f6risti \u00f6l\u00fc ve yaral\u0131 d\u00fc\u015f\u00fcr\u00fcrken iki arac\u0131 da yok ettiklerini bayan etti.<\/p>\n<p>Ordu birliklerimizin Homs k\u0131rsal\u0131n\u0131n do\u011fusunda Rakka il idari s\u0131n\u0131rlar\u0131na yak\u0131n d\u00fc\u015fen Rhum K\u00f6y\u00fcnde I\u015e\u0130D\u2019in yuva ve k\u00fcmelenme yerlerini hedef ald\u0131klar\u0131n\u0131 aktaran kaynak; tekfircileri say\u0131 ve te\u00e7hizatlar\u0131yla b\u00fcy\u00fck kay\u0131plara u\u011fratt\u0131klar\u0131n\u0131 s\u00f6zlerine ekledi.<\/p>\n<p>Kaynak; Homs k\u0131rsal\u0131n\u0131n kuzeyi Resten Kentine tabi Keysin K\u00f6y\u00fcnde de ordu birliklerimizin Nusra Cephesinin ter\u00f6rist ve cephane ta\u015f\u0131yan iki arac\u0131n\u0131 imha etmelerine ek olarak Telbise B\u00f6lgesine d\u00fc\u015fen Um \u015eer\u015fuh K\u00f6y\u00fcn\u00fcn kuzeybat\u0131s\u0131nda Nusra Cephesi, \u2018Homs Kolordusu\u2019 ve \u2018Faruk Taburlar\u0131\u2019 ter\u00f6r \u00e7etelerinden \u00e7ok say\u0131da ter\u00f6risti \u00f6ld\u00fcrd\u00fcklerini s\u00f6yledi.<\/p>\n<p>Kaynak; Homs k\u0131rsal\u0131n\u0131n kuzeyi Hule b\u00f6lgesine d\u00fc\u015fen Teldo ve Cisr el Taybe b\u00f6lgelerinde de yine Nusra Cephesi ve di\u011fer ter\u00f6r \u00f6rg\u00fctlerin siper ve mevkilerine kar\u015f\u0131 nitelikli operasyonlar\u0131n\u0131 s\u00fcrd\u00fcren ordu birliklerimizin buralarda da bir\u00e7ok ter\u00f6risti \u00f6l\u00fc ve yaral\u0131 d\u00fc\u015f\u00fcrd\u00fcklerini belirtti.<\/p>\n<p>M.M.<\/p>\n","protected":false},"excerpt":{"rendered":"<p>\u0130LLER \u2013 Vatan koruyucular\u0131m\u0131z ulusal egemenlik ve onuru koruma kararl\u0131l\u0131\u011f\u0131yla bug\u00fcn d\u0131\u015f destekli tekfirci ve vatan hainlerine kar\u015f\u0131 operasyonlar\u0131n\u0131 s\u00fcrd\u00fcr\u00fcrlerken; kom\u015fu devletlerden destek hatlar\u0131 ve toplanma yerlerini nitelikli operasyonlarla imha etti. \u015eAM KIRSALI: Askeri kaynak; ordu birliklerimizin L\u00fcbnan direni\u015f g\u00fc\u00e7leriyle i\u015fbirli\u011fi i\u00e7inde \u015eam k\u0131rsal\u0131 Zebadani Kentinin ortas\u0131na d\u00fc\u015fen el \u015eerif el \u0130driysi Okulu ve el &hellip;<\/p>\n","protected":false},"author":1,"featured_media":45309,"comment_status":"closed","ping_status":"closed","sticky":false,"template":"","format":"standard","meta":{"footnotes":""},"categories":[575],"tags":[16499],"class_list":["post-45307","post","type-post","status-publish","format-standard","has-post-thumbnail","","category-olaylar-ve-gercekler","tag-destek-hatlari-ve-yuvalari-nitelikli-operasyonlarla-imha-ediliyor"],"_links":{"self":[{"href":"https:\/\/archive.sana.sy\/tr\/index.php?rest_route=\/wp\/v2\/posts\/45307","targetHints":{"allow":["GET"]}}],"collection":[{"href":"https:\/\/archive.sana.sy\/tr\/index.php?rest_route=\/wp\/v2\/posts"}],"about":[{"href":"https:\/\/archive.sana.sy\/tr\/index.php?rest_route=\/wp\/v2\/types\/post"}],"author":[{"embeddable":true,"href":"https:\/\/archive.sana.sy\/tr\/index.php?rest_route=\/wp\/v2\/users\/1"}],"replies":[{"embeddable":true,"href":"https:\/\/archive.sana.sy\/tr\/index.php?rest_route=%2Fwp%2Fv2%2Fcomments&post=45307"}],"version-history":[{"count":0,"href":"https:\/\/archive.sana.sy\/tr\/index.php?rest_route=\/wp\/v2\/posts\/45307\/revisions"}],"wp:featuredmedia":[{"embeddable":true,"href":"https:\/\/archive.sana.sy\/tr\/index.php?rest_route=\/wp\/v2\/media\/45309"}],"wp:attachment":[{"href":"https:\/\/archive.sana.sy\/tr\/index.php?rest_route=%2Fwp%2Fv2%2Fmedia&parent=45307"}],"wp:term":[{"taxonomy":"category","embeddable":true,"href":"https:\/\/archive.sana.sy\/tr\/index.php?rest_route=%2Fwp%2Fv2%2Fcategories&post=45307"},{"taxonomy":"post_tag","embeddable":true,"href":"https:\/\/archive.sana.sy\/tr\/index.php?rest_route=%2Fwp%2Fv2%2Ftags&post=45307"}],"curies":[{"name":"wp","href":"https:\/\/api.w.org\/{rel}","templated":true}]}}