{"id":45341,"date":"2015-09-01T12:35:30","date_gmt":"2015-09-01T09:35:30","guid":{"rendered":"http:\/\/www.sana.sy\/tr\/?p=45341"},"modified":"2015-09-01T12:35:30","modified_gmt":"2015-09-01T09:35:30","slug":"uluslararasi-parlamento-baskanlari-konferansi-140-ulkenin-katilimiyla-basladi","status":"publish","type":"post","link":"https:\/\/archive.sana.sy\/tr\/?p=45341","title":{"rendered":"Uluslararas\u0131 Parlamento Ba\u015fkanlar\u0131 Konferans\u0131 140 \u00dclkenin Kat\u0131l\u0131m\u0131yla Ba\u015flad\u0131"},"content":{"rendered":"<p>NEW YORK \u2013 Uluslararas\u0131 Parlamento Ba\u015fkanlar\u0131 konferans\u0131 d\u00fcn New York\u2019da Halk Meclisi Ba\u015fkan\u0131 Muhammed Cihat el Lahham ba\u015fkanl\u0131\u011f\u0131ndaki Suriyeli heyetin yan\u0131 s\u0131ra 140 \u00fclkenin parlamento ba\u015fkan\u0131n\u0131n kat\u0131l\u0131m\u0131yla ba\u015flad\u0131.<\/p>\n<p>\u00dc\u00e7 g\u00fcn s\u00fcrecek konferansta Ba\u015fta ter\u00f6r olmak \u00fczere d\u00fcnyada bar\u0131\u015f ve demokrasiyi tehdit eden b\u00fct\u00fcn unsurlara kar\u015f\u0131 m\u00fccadele y\u00f6ntemler, g\u00f6\u00e7, ayr\u0131mc\u0131l\u0131k, iklim de\u011fi\u015fimleri ve gen\u00e7 kesimin demokrasi s\u00fcrecine daha aktif bir \u015fekilde kat\u0131ml\u0131n\u0131n sa\u011flanmas\u0131 gibi ba\u015fl\u0131klar yer al\u0131yor.<\/p>\n<p>S\u00fcrd\u00fcr\u00fclebilir kalk\u0131nman\u0131n 17 amac\u0131, yoksulluk ve a\u00e7l\u0131\u011fa son verme ve ho\u015fg\u00f6r\u00fcl\u00fc bar\u0131\u015f\u00e7\u0131l toplumlar in\u015fa etme ba\u015fl\u0131klar\u0131 da konferansta tart\u0131\u015f\u0131lacak konular aras\u0131nda yer al\u0131yor.<\/p>\n<p>F.B.<\/p>\n","protected":false},"excerpt":{"rendered":"<p>NEW YORK \u2013 Uluslararas\u0131 Parlamento Ba\u015fkanlar\u0131 konferans\u0131 d\u00fcn New York\u2019da Halk Meclisi Ba\u015fkan\u0131 Muhammed Cihat el Lahham ba\u015fkanl\u0131\u011f\u0131ndaki Suriyeli heyetin yan\u0131 s\u0131ra 140 \u00fclkenin parlamento ba\u015fkan\u0131n\u0131n kat\u0131l\u0131m\u0131yla ba\u015flad\u0131. \u00dc\u00e7 g\u00fcn s\u00fcrecek konferansta Ba\u015fta ter\u00f6r olmak \u00fczere d\u00fcnyada bar\u0131\u015f ve demokrasiyi tehdit eden b\u00fct\u00fcn unsurlara kar\u015f\u0131 m\u00fccadele y\u00f6ntemler, g\u00f6\u00e7, ayr\u0131mc\u0131l\u0131k, iklim de\u011fi\u015fimleri ve gen\u00e7 kesimin demokrasi &hellip;<\/p>\n","protected":false},"author":1,"featured_media":45342,"comment_status":"closed","ping_status":"closed","sticky":false,"template":"","format":"standard","meta":{"footnotes":""},"categories":[458,459,447],"tags":[],"class_list":["post-45341","post","type-post","status-publish","format-standard","has-post-thumbnail","","category-dunya1","category-haberler-arap-uluslararasi-politika","category-politika"],"_links":{"self":[{"href":"https:\/\/archive.sana.sy\/tr\/index.php?rest_route=\/wp\/v2\/posts\/45341","targetHints":{"allow":["GET"]}}],"collection":[{"href":"https:\/\/archive.sana.sy\/tr\/index.php?rest_route=\/wp\/v2\/posts"}],"about":[{"href":"https:\/\/archive.sana.sy\/tr\/index.php?rest_route=\/wp\/v2\/types\/post"}],"author":[{"embeddable":true,"href":"https:\/\/archive.sana.sy\/tr\/index.php?rest_route=\/wp\/v2\/users\/1"}],"replies":[{"embeddable":true,"href":"https:\/\/archive.sana.sy\/tr\/index.php?rest_route=%2Fwp%2Fv2%2Fcomments&post=45341"}],"version-history":[{"count":0,"href":"https:\/\/archive.sana.sy\/tr\/index.php?rest_route=\/wp\/v2\/posts\/45341\/revisions"}],"wp:featuredmedia":[{"embeddable":true,"href":"https:\/\/archive.sana.sy\/tr\/index.php?rest_route=\/wp\/v2\/media\/45342"}],"wp:attachment":[{"href":"https:\/\/archive.sana.sy\/tr\/index.php?rest_route=%2Fwp%2Fv2%2Fmedia&parent=45341"}],"wp:term":[{"taxonomy":"category","embeddable":true,"href":"https:\/\/archive.sana.sy\/tr\/index.php?rest_route=%2Fwp%2Fv2%2Fcategories&post=45341"},{"taxonomy":"post_tag","embeddable":true,"href":"https:\/\/archive.sana.sy\/tr\/index.php?rest_route=%2Fwp%2Fv2%2Ftags&post=45341"}],"curies":[{"name":"wp","href":"https:\/\/api.w.org\/{rel}","templated":true}]}}