{"id":45347,"date":"2015-09-01T15:20:20","date_gmt":"2015-09-01T12:20:20","guid":{"rendered":"http:\/\/www.sana.sy\/tr\/?p=45347"},"modified":"2015-09-01T15:37:59","modified_gmt":"2015-09-01T12:37:59","slug":"suriyeye-kapsamli-destek-saglamak-iranin-vacibidir","status":"publish","type":"post","link":"https:\/\/archive.sana.sy\/tr\/?p=45347","title":{"rendered":"Suriye&#8217;ye Kapsaml\u0131 Destek Sa\u011flamak \u0130ran\u2019\u0131n Vacibidir"},"content":{"rendered":"<p>TAHRAN \u2013 \u0130ran Devrim Muhaf\u0131zlar\u0131 Komutan\u0131 T\u00fcmgeneral Muhammed Ali Caferi; Suriye&#8217;ye kapsaml\u0131 ve belirleyici deste\u011fi takdim etmenin \u0130ran\u2019\u0131n vacibi ve g\u00f6revi oldu\u011funu belirtti.<\/p>\n<p>Caferi bug\u00fcn Tahran\u2019da d\u00fczenledi\u011fi bas\u0131n konferans\u0131nda; \u0130ran devrim muhaf\u0131zlar\u0131n\u0131n direni\u015f cephesine deneyimlerini aktarma ve isti\u015fare takdim etmeye haz\u0131r oldu\u011funu belirtti. D\u00fc\u015fman g\u00fc\u00e7lerin b\u00f6lgede direni\u015f cephesine kar\u015f\u0131 niyabetten sava\u015flar y\u00fcr\u00fctmekte olduklar\u0131na dikkat \u00e7eken Caferi; direni\u015f cephesinin en \u00f6nemli bile\u015fenlerinden biri say\u0131lan Suriye&#8217;ye gerekli deste\u011fi sa\u011flaman\u0131n bir vacip oldu\u011funu belirtti.<\/p>\n<p>T\u00fcmgeneral Caferi \u0130ran\u2019\u0131n daha \u00f6nce belirlenen plan kapsam\u0131nda bu y\u0131l 20 tatbikatta bulunaca\u011f\u0131n\u0131 ifade ederken, menzili 2 bin kilometreden uzak balistik f\u00fczelerin hedeflerini dakik bir \u015fekilde vurmas\u0131na odaklan\u0131laca\u011f\u0131n\u0131 s\u00f6yledi.<\/p>\n","protected":false},"excerpt":{"rendered":"<p>TAHRAN \u2013 \u0130ran Devrim Muhaf\u0131zlar\u0131 Komutan\u0131 T\u00fcmgeneral Muhammed Ali Caferi; Suriye&#8217;ye kapsaml\u0131 ve belirleyici deste\u011fi takdim etmenin \u0130ran\u2019\u0131n vacibi ve g\u00f6revi oldu\u011funu belirtti. Caferi bug\u00fcn Tahran\u2019da d\u00fczenledi\u011fi bas\u0131n konferans\u0131nda; \u0130ran devrim muhaf\u0131zlar\u0131n\u0131n direni\u015f cephesine deneyimlerini aktarma ve isti\u015fare takdim etmeye haz\u0131r oldu\u011funu belirtti. D\u00fc\u015fman g\u00fc\u00e7lerin b\u00f6lgede direni\u015f cephesine kar\u015f\u0131 niyabetten sava\u015flar y\u00fcr\u00fctmekte olduklar\u0131na dikkat \u00e7eken &hellip;<\/p>\n","protected":false},"author":1,"featured_media":45348,"comment_status":"closed","ping_status":"closed","sticky":false,"template":"","format":"standard","meta":{"footnotes":""},"categories":[458,459,447],"tags":[16509],"class_list":["post-45347","post","type-post","status-publish","format-standard","has-post-thumbnail","","category-dunya1","category-haberler-arap-uluslararasi-politika","category-politika","tag-tahran-iran-devrim-muhafizlari-komutani-tumgeneral-muhammed-ali-caferi-suriyeye-kapsamli-ve-belirleyici-destegi-takdim-etmenin-iranin-vacibi-ve-gorevi-oldugunu-belirtti"],"_links":{"self":[{"href":"https:\/\/archive.sana.sy\/tr\/index.php?rest_route=\/wp\/v2\/posts\/45347","targetHints":{"allow":["GET"]}}],"collection":[{"href":"https:\/\/archive.sana.sy\/tr\/index.php?rest_route=\/wp\/v2\/posts"}],"about":[{"href":"https:\/\/archive.sana.sy\/tr\/index.php?rest_route=\/wp\/v2\/types\/post"}],"author":[{"embeddable":true,"href":"https:\/\/archive.sana.sy\/tr\/index.php?rest_route=\/wp\/v2\/users\/1"}],"replies":[{"embeddable":true,"href":"https:\/\/archive.sana.sy\/tr\/index.php?rest_route=%2Fwp%2Fv2%2Fcomments&post=45347"}],"version-history":[{"count":0,"href":"https:\/\/archive.sana.sy\/tr\/index.php?rest_route=\/wp\/v2\/posts\/45347\/revisions"}],"wp:featuredmedia":[{"embeddable":true,"href":"https:\/\/archive.sana.sy\/tr\/index.php?rest_route=\/wp\/v2\/media\/45348"}],"wp:attachment":[{"href":"https:\/\/archive.sana.sy\/tr\/index.php?rest_route=%2Fwp%2Fv2%2Fmedia&parent=45347"}],"wp:term":[{"taxonomy":"category","embeddable":true,"href":"https:\/\/archive.sana.sy\/tr\/index.php?rest_route=%2Fwp%2Fv2%2Fcategories&post=45347"},{"taxonomy":"post_tag","embeddable":true,"href":"https:\/\/archive.sana.sy\/tr\/index.php?rest_route=%2Fwp%2Fv2%2Ftags&post=45347"}],"curies":[{"name":"wp","href":"https:\/\/api.w.org\/{rel}","templated":true}]}}