{"id":45354,"date":"2015-09-01T10:32:04","date_gmt":"2015-09-01T07:32:04","guid":{"rendered":"http:\/\/www.sana.sy\/tr\/?p=45354"},"modified":"2015-09-01T13:36:41","modified_gmt":"2015-09-01T10:36:41","slug":"hava-guclerimiz-idlib-kirsalinin-fua-ve-savvagiye-beldeleri-civarlarinda-fetih-ordusuna-ait-yuvalara-ek-olarak-bir-kismi-agir-silahlarla-donatilan-bircok-araci-tasidiklari-cephane-ve","status":"publish","type":"post","link":"https:\/\/archive.sana.sy\/tr\/?p=45354","title":{"rendered":"Hava g\u00fc\u00e7lerimiz \u0130dlib k\u0131rsal\u0131n\u0131n Fua ve Savva\u011fiye beldeleri civarlar\u0131nda \u2018Fetih Ordusu\u2019na ait yuvalara ek olarak bir k\u0131sm\u0131 a\u011f\u0131r silahlarla donat\u0131lan bir\u00e7ok arac\u0131 ta\u015f\u0131d\u0131klar\u0131 cephane ve ter\u00f6ristlerle birlikte imha etti"},"content":{"rendered":"<p>Hava g\u00fc\u00e7lerimiz \u0130dlib k\u0131rsal\u0131n\u0131n Fua ve Savva\u011fiye beldeleri civarlar\u0131nda \u2018Fetih Ordusu\u2019na ait yuvalara ek olarak bir k\u0131sm\u0131 a\u011f\u0131r silahlarla donat\u0131lan bir\u00e7ok arac\u0131 ta\u015f\u0131d\u0131klar\u0131 cephane ve ter\u00f6ristlerle birlikte imha etti<\/p>\n","protected":false},"excerpt":{"rendered":"<p>Hava g\u00fc\u00e7lerimiz \u0130dlib k\u0131rsal\u0131n\u0131n Fua ve Savva\u011fiye beldeleri civarlar\u0131nda \u2018Fetih Ordusu\u2019na ait yuvalara ek olarak bir k\u0131sm\u0131 a\u011f\u0131r silahlarla donat\u0131lan bir\u00e7ok arac\u0131 ta\u015f\u0131d\u0131klar\u0131 cephane ve ter\u00f6ristlerle birlikte imha etti<\/p>\n","protected":false},"author":1,"featured_media":0,"comment_status":"closed","ping_status":"closed","sticky":false,"template":"","format":"standard","meta":{"footnotes":""},"categories":[1],"tags":[],"class_list":["post-45354","post","type-post","status-publish","format-standard","","category-news-not-sorted"],"_links":{"self":[{"href":"https:\/\/archive.sana.sy\/tr\/index.php?rest_route=\/wp\/v2\/posts\/45354","targetHints":{"allow":["GET"]}}],"collection":[{"href":"https:\/\/archive.sana.sy\/tr\/index.php?rest_route=\/wp\/v2\/posts"}],"about":[{"href":"https:\/\/archive.sana.sy\/tr\/index.php?rest_route=\/wp\/v2\/types\/post"}],"author":[{"embeddable":true,"href":"https:\/\/archive.sana.sy\/tr\/index.php?rest_route=\/wp\/v2\/users\/1"}],"replies":[{"embeddable":true,"href":"https:\/\/archive.sana.sy\/tr\/index.php?rest_route=%2Fwp%2Fv2%2Fcomments&post=45354"}],"version-history":[{"count":0,"href":"https:\/\/archive.sana.sy\/tr\/index.php?rest_route=\/wp\/v2\/posts\/45354\/revisions"}],"wp:attachment":[{"href":"https:\/\/archive.sana.sy\/tr\/index.php?rest_route=%2Fwp%2Fv2%2Fmedia&parent=45354"}],"wp:term":[{"taxonomy":"category","embeddable":true,"href":"https:\/\/archive.sana.sy\/tr\/index.php?rest_route=%2Fwp%2Fv2%2Fcategories&post=45354"},{"taxonomy":"post_tag","embeddable":true,"href":"https:\/\/archive.sana.sy\/tr\/index.php?rest_route=%2Fwp%2Fv2%2Ftags&post=45354"}],"curies":[{"name":"wp","href":"https:\/\/api.w.org\/{rel}","templated":true}]}}