{"id":45358,"date":"2015-09-01T10:43:13","date_gmt":"2015-09-01T07:43:13","guid":{"rendered":"http:\/\/www.sana.sy\/tr\/?p=45358"},"modified":"2015-09-01T13:43:36","modified_gmt":"2015-09-01T10:43:36","slug":"sanaya-aciklama-yapan-askeri-kaynak-hava-guclerimizin-homs-kirsalinin-dogusu-karyeteny-kenti-ve-um-el-tveyne-koyunde-isid-yuvalari-ve-toplanma-yerlerini-muhtevalariyla-imha-ettiklerini-belirt","status":"publish","type":"post","link":"https:\/\/archive.sana.sy\/tr\/?p=45358","title":{"rendered":"SANA\u2019ya a\u00e7\u0131klama yapan askeri kaynak hava g\u00fc\u00e7lerimizin Homs k\u0131rsal\u0131n\u0131n do\u011fusu Karyeteny Kenti ve Um el Tveyne K\u00f6y\u00fcnde I\u015e\u0130D yuvalar\u0131 ve toplanma yerlerini muhtevalar\u0131yla imha ettiklerini belirtti"},"content":{"rendered":"<p>SANA\u2019ya a\u00e7\u0131klama yapan askeri kaynak hava g\u00fc\u00e7lerimizin Homs k\u0131rsal\u0131n\u0131n do\u011fusu Karyeteny Kenti ve Um el Tveyne K\u00f6y\u00fcnde I\u015e\u0130D yuvalar\u0131 ve toplanma yerlerini muhtevalar\u0131yla imha ettiklerini belirtti<\/p>\n","protected":false},"excerpt":{"rendered":"<p>SANA\u2019ya a\u00e7\u0131klama yapan askeri kaynak hava g\u00fc\u00e7lerimizin Homs k\u0131rsal\u0131n\u0131n do\u011fusu Karyeteny Kenti ve Um el Tveyne K\u00f6y\u00fcnde I\u015e\u0130D yuvalar\u0131 ve toplanma yerlerini muhtevalar\u0131yla imha ettiklerini belirtti<\/p>\n","protected":false},"author":1,"featured_media":0,"comment_status":"closed","ping_status":"closed","sticky":false,"template":"","format":"standard","meta":{"footnotes":""},"categories":[1],"tags":[],"class_list":["post-45358","post","type-post","status-publish","format-standard","","category-news-not-sorted"],"_links":{"self":[{"href":"https:\/\/archive.sana.sy\/tr\/index.php?rest_route=\/wp\/v2\/posts\/45358","targetHints":{"allow":["GET"]}}],"collection":[{"href":"https:\/\/archive.sana.sy\/tr\/index.php?rest_route=\/wp\/v2\/posts"}],"about":[{"href":"https:\/\/archive.sana.sy\/tr\/index.php?rest_route=\/wp\/v2\/types\/post"}],"author":[{"embeddable":true,"href":"https:\/\/archive.sana.sy\/tr\/index.php?rest_route=\/wp\/v2\/users\/1"}],"replies":[{"embeddable":true,"href":"https:\/\/archive.sana.sy\/tr\/index.php?rest_route=%2Fwp%2Fv2%2Fcomments&post=45358"}],"version-history":[{"count":0,"href":"https:\/\/archive.sana.sy\/tr\/index.php?rest_route=\/wp\/v2\/posts\/45358\/revisions"}],"wp:attachment":[{"href":"https:\/\/archive.sana.sy\/tr\/index.php?rest_route=%2Fwp%2Fv2%2Fmedia&parent=45358"}],"wp:term":[{"taxonomy":"category","embeddable":true,"href":"https:\/\/archive.sana.sy\/tr\/index.php?rest_route=%2Fwp%2Fv2%2Fcategories&post=45358"},{"taxonomy":"post_tag","embeddable":true,"href":"https:\/\/archive.sana.sy\/tr\/index.php?rest_route=%2Fwp%2Fv2%2Ftags&post=45358"}],"curies":[{"name":"wp","href":"https:\/\/api.w.org\/{rel}","templated":true}]}}