{"id":4538,"date":"2014-07-04T12:12:24","date_gmt":"2014-07-04T09:12:24","guid":{"rendered":"http:\/\/www.sana.sy\/tr\/?p=4538"},"modified":"2014-07-04T12:12:24","modified_gmt":"2014-07-04T09:12:24","slug":"ulkelerinde-intihar-eylemleri-duzenlemek-icin-suriyede-egitildiler","status":"publish","type":"post","link":"https:\/\/archive.sana.sy\/tr\/?p=4538","title":{"rendered":"\u00dclkelerinde \u0130ntihar Eylemleri D\u00fczenlemek \u0130\u00e7in Suriye&#8217;de E\u011fitildiler"},"content":{"rendered":"<p>LONDRA \u2013 \u0130ngiliz Times Gazetesi; Yemen\u2019de Kaide \u00d6rg\u00fct\u00fcn\u00fcn birinci patlay\u0131c\u0131 uzman\u0131 olarak bilinen Suudi Arabistanl\u0131 ter\u00f6rist \u0130brahim Hasan Tali el Asiri\u2019nin, Suriye&#8217;de bulunan Avrupal\u0131 \u2018cihat\u00e7\u0131lar\u0131\u2019 \u00fclkelerine d\u00f6nmeleri ard\u0131ndan intihar eylemleri d\u00fczenlemeleri i\u00e7in e\u011fitti\u011fini ortaya \u00e7\u0131kard\u0131.<\/p>\n<p>Gazete bug\u00fcnk\u00fc say\u0131s\u0131nda yay\u0131nlad\u0131\u011f\u0131 raporda; 32 ya\u015f\u0131nda olan kimya mezunu s\u00f6z konusu Suudili ter\u00f6ristin g\u00fcvenlik icraatlar\u0131na \u00f6nlem amac\u0131yla madeni olmayan bombalar\u0131 \u00fcretenin kendisi oldu\u011funun tahmin edildi\u011fini ortaya \u00e7\u0131kard\u0131. \u00d6yle ki s\u00f6z konusu bomban\u0131n havalimanlar\u0131 ve benzeri yerlerde bulunan g\u00fcvenlik cihazlar\u0131yla ke\u015ffedilmedi\u011finin ifade edilmesiyle ABD ve Avrupa devletlerinde yo\u011fun g\u00fcvenlik icraatlar\u0131 al\u0131nd\u0131.<\/p>\n<p>\u0130ngiliz Times gazetesi raporunda Asiri\u2019nin daha \u00f6nce \u00fcretti\u011fi bomba t\u00fcrlerine \u0131\u015f\u0131k tutarken, i\u00e7 \u00e7ama\u015f\u0131rlara saklanabilen ve plastikten olu\u015fan bomba t\u00fcr\u00fcne de dikkat \u00e7ekti.<\/p>\n<p>Suriye&#8217;de \u00e7o\u011funlu\u011fu temsil eden \u0130ngiliz \u2018cihat\u00e7\u0131lardan\u2019 500 ki\u015finin \u0130ngiltere\u2019de intihar eylemleri d\u00fczenlemek \u00fczere e\u011fitildikleri tehlikesine dikkat \u00e7eken Gazete; Asiri\u2019nin g\u00fcvenlik cihazlar\u0131nca ke\u015ffedilmeyen bomba d\u00fczenekleri \u00fcretme plan\u0131n\u0131n Avrupa ve ABD a\u00e7\u0131s\u0131ndan b\u00fcy\u00fck bir tehlike te\u015fkil etti\u011fini ifade etti.<\/p>\n","protected":false},"excerpt":{"rendered":"<p>LONDRA \u2013 \u0130ngiliz Times Gazetesi; Yemen\u2019de Kaide \u00d6rg\u00fct\u00fcn\u00fcn birinci patlay\u0131c\u0131 uzman\u0131 olarak bilinen Suudi Arabistanl\u0131 ter\u00f6rist \u0130brahim Hasan Tali el Asiri\u2019nin, Suriye&#8217;de bulunan Avrupal\u0131 \u2018cihat\u00e7\u0131lar\u0131\u2019 \u00fclkelerine d\u00f6nmeleri ard\u0131ndan intihar eylemleri d\u00fczenlemeleri i\u00e7in e\u011fitti\u011fini ortaya \u00e7\u0131kard\u0131. Gazete bug\u00fcnk\u00fc say\u0131s\u0131nda yay\u0131nlad\u0131\u011f\u0131 raporda; 32 ya\u015f\u0131nda olan kimya mezunu s\u00f6z konusu Suudili ter\u00f6ristin g\u00fcvenlik icraatlar\u0131na \u00f6nlem amac\u0131yla madeni olmayan &hellip;<\/p>\n","protected":false},"author":1,"featured_media":4539,"comment_status":"closed","ping_status":"closed","sticky":false,"template":"","format":"standard","meta":{"footnotes":""},"categories":[556,458,559],"tags":[991],"class_list":["post-4538","post","type-post","status-publish","format-standard","has-post-thumbnail","","category-basin","category-dunya1","category-dunya-basini","tag-ulkelerinde-intihar-eylemleri-duzenlemek-icin-suriyede-egitildiler"],"_links":{"self":[{"href":"https:\/\/archive.sana.sy\/tr\/index.php?rest_route=\/wp\/v2\/posts\/4538","targetHints":{"allow":["GET"]}}],"collection":[{"href":"https:\/\/archive.sana.sy\/tr\/index.php?rest_route=\/wp\/v2\/posts"}],"about":[{"href":"https:\/\/archive.sana.sy\/tr\/index.php?rest_route=\/wp\/v2\/types\/post"}],"author":[{"embeddable":true,"href":"https:\/\/archive.sana.sy\/tr\/index.php?rest_route=\/wp\/v2\/users\/1"}],"replies":[{"embeddable":true,"href":"https:\/\/archive.sana.sy\/tr\/index.php?rest_route=%2Fwp%2Fv2%2Fcomments&post=4538"}],"version-history":[{"count":0,"href":"https:\/\/archive.sana.sy\/tr\/index.php?rest_route=\/wp\/v2\/posts\/4538\/revisions"}],"wp:featuredmedia":[{"embeddable":true,"href":"https:\/\/archive.sana.sy\/tr\/index.php?rest_route=\/wp\/v2\/media\/4539"}],"wp:attachment":[{"href":"https:\/\/archive.sana.sy\/tr\/index.php?rest_route=%2Fwp%2Fv2%2Fmedia&parent=4538"}],"wp:term":[{"taxonomy":"category","embeddable":true,"href":"https:\/\/archive.sana.sy\/tr\/index.php?rest_route=%2Fwp%2Fv2%2Fcategories&post=4538"},{"taxonomy":"post_tag","embeddable":true,"href":"https:\/\/archive.sana.sy\/tr\/index.php?rest_route=%2Fwp%2Fv2%2Ftags&post=4538"}],"curies":[{"name":"wp","href":"https:\/\/api.w.org\/{rel}","templated":true}]}}