{"id":45386,"date":"2015-09-01T20:35:56","date_gmt":"2015-09-01T17:35:56","guid":{"rendered":"http:\/\/sana.sy\/tr\/?p=45386"},"modified":"2015-09-02T16:10:11","modified_gmt":"2015-09-02T13:10:11","slug":"vatan-koruyuculari-terore-karsi-savaslarinda-azim-ve-kararliliklarini-gosteriyor","status":"publish","type":"post","link":"https:\/\/archive.sana.sy\/tr\/?p=45386","title":{"rendered":"Vatan Koruyucular\u0131 Ter\u00f6re Kar\u015f\u0131 Sava\u015flar\u0131nda Azim ve Kararl\u0131l\u0131klar\u0131n\u0131 G\u00f6steriyor"},"content":{"rendered":"<p>\u0130LLER \u2013 Yurdun muhtelif b\u00f6lgelerinde vatan haini ve kiral\u0131k ter\u00f6ristlere kar\u015f\u0131 sava\u015flar\u0131nda azim ve kararl\u0131l\u0131klar\u0131n\u0131 g\u00f6steren vatan koruyucular\u0131m\u0131z bug\u00fcn de az\u0131l\u0131 katilleri say\u0131 ve ara\u00e7lar\u0131yla a\u011f\u0131r kay\u0131plara u\u011fratmay\u0131 ba\u015fard\u0131.<\/p>\n<p><span style=\"color: #0000ff\">\u0130DL\u0130B:<\/span><\/p>\n<p>\u0130dlib k\u0131rsal\u0131nda Suudi krall\u0131k rejimi taraf\u0131ndan finanse edilen ve Erdo\u011fan rejimi taraf\u0131ndan desteklenen \u2018Fetih Ordusu\u2019 az\u0131l\u0131 katillerine kar\u015f\u0131 operasyonlar\u0131n\u0131 s\u00fcrd\u00fcren ordu birliklerimiz bug\u00fcn aralar\u0131nda yabanc\u0131lar\u0131n bulundu\u011fu y\u00fcksek say\u0131da ter\u00f6risti \u00f6l\u00fc yaral\u0131 d\u00fc\u015f\u00fcrd\u00fc.<\/p>\n<p>Askeri kaynak hava g\u00fc\u00e7lerimizin \u0130dlib k\u0131rsal\u0131n\u0131n Savva\u011fiye, Benni\u015f ve Kellele beldelerine ek olarak Fua Beldesinin civar\u0131 ve Zredna Beldesinin g\u00fcneyinde ter\u00f6ristlerin hareket ve toplanma yerlerini imha ettiklerini belirtti. \u00d6ld\u00fcr\u00fclen \u00e7ok say\u0131da ter\u00f6ristin aras\u0131nda tehlikeli isimlerden Ali el Zarur\u2019un bulundu\u011funa dikkat \u00e7eken kaynak; operasyonlarda ayr\u0131ca Nusra Cephesi ve Ahrar el \u015eam \u0130slami Hareketi \u00e7etelerinin civardaki sivilleri hedef almada kulland\u0131klar\u0131 bir z\u0131rhl\u0131 ara\u00e7 ve bir\u00e7ok havan topu rampas\u0131n\u0131n imha edildi\u011fini s\u00f6zlerine ekledi.<\/p>\n<p>\u0130dlib k\u0131rsal\u0131n\u0131n g\u00fcneyi Merata ve Kersaa\u2019n\u0131n kuzeyinde yine \u2018Fetih Ordusu\u2019na ait ara\u00e7 ve toplanma yerlerinin hedef al\u0131nd\u0131\u011f\u0131n\u0131 belirten kaynak; buradaki operasyonlarda \u00e7ok say\u0131da ter\u00f6ristle birlikte bir\u00e7ok ara\u00e7 ve muhtelif t\u00fcr cephanelerinin imha edildi\u011fini aktard\u0131.<\/p>\n<p>Ter\u00f6r \u00e7eteleri medya ara\u00e7lar\u0131nda \u0130dlib il idari s\u0131n\u0131rlar\u0131na yak\u0131n Hama k\u0131rsal\u0131n\u0131n \u011eab B\u00f6lgesinde Nusra Cephesinin az\u0131l\u0131 komutanlar\u0131ndan Tunuslu \u2018Ebu el Leys\u2019 ve Alaa el H\u00fcseyin\u2019in yan\u0131 s\u0131ra daha bir\u00e7ok tehlikeli isimin aralar\u0131nda bulundu\u011fu \u00e7ok say\u0131da ter\u00f6ristin \u00f6ld\u00fcr\u00fcld\u00fc\u011f\u00fcn\u00fc itiraf etti.<\/p>\n<p>Yerel kaynaklar ise ordu birliklerimizin gece saatlerinde \u0130dlib k\u0131rsal\u0131n\u0131n Ariha B\u00f6lgesine d\u00fc\u015fen Han el S\u00fcb\u00fcl Beldesinde ter\u00f6r eleba\u015flar\u0131 ve az\u0131l\u0131 komutanlar\u0131n\u0131n topland\u0131klar\u0131 bir karargah\u0131 imha etmeleriyle en az 50 ter\u00f6ristin \u00f6ld\u00fc\u011f\u00fcn\u00fc, 70\u2019ten fazla ter\u00f6ristin de yaraland\u0131\u011f\u0131n\u0131 belirtti.<\/p>\n<p>G\u00fcn i\u00e7erisinde a\u00e7\u0131klama yapan askeri kaynak; hava g\u00fc\u00e7lerimizin \u0130dlib k\u0131rsal\u0131 Mozra, Muarret el Numan, Han \u015eeyhun, Ebu Zuhur, Karkur ve Kensafra b\u00f6lgelerinde \u2018Fetih Ordusu\u2019nun temel bile\u015fenlerinden ve Kaide \u00d6rg\u00fct\u00fcn\u00fcn Suriye kolu Nusra Cephesine ait siper ve karargahlar\u0131 hedef ald\u0131. Operasyonlarda onlarca ter\u00f6rist \u00f6ld\u00fcr\u00fcl\u00fcrken a\u011f\u0131r silahlarla donat\u0131lm\u0131\u015f ara\u00e7lar\u0131 da imha edildi.<\/p>\n<p><span style=\"color: #0000ff\">HOMS:<\/span><\/p>\n<p>SANA\u2019ya a\u00e7\u0131klama yapan askeri kaynak hava g\u00fc\u00e7lerimizin Homs k\u0131rsal\u0131n\u0131n do\u011fusu Karyeten Kentinde I\u015e\u0130D yuvalar\u0131 ve toplanma yerlerini muhtevalar\u0131yla imha ettiklerini belirtti.<\/p>\n<p>Hava g\u00fc\u00e7lerimizin Homs k\u0131rsal\u0131 Cub el Cerrah Nahiyesine tabi Um el Ri\u015f, Sultaniye, Resm el Arnab ve Tuvayni k\u00f6ylerinde I\u015e\u0130D ter\u00f6r \u00f6rg\u00fct\u00fcn\u00fcn toplanma yerleri ve hareket eksenlerini hedef ald\u0131klar\u0131n\u0131 s\u00f6yleyen kaynak; \u00e7ok say\u0131da ter\u00f6risti \u00f6l\u00fc ve yaral\u0131 d\u00fc\u015f\u00fcr\u00fcp havzalar\u0131ndaki silah ve m\u00fchimmat\u0131 imha ettiklerine dikkat \u00e7ekti.<\/p>\n<p><span style=\"color: #0000ff\">LAZK\u0130YE:<\/span><\/p>\n<p>\u00d6te yandan askeri kaynak; hava g\u00fc\u00e7lerimizin Lazkiye k\u0131rsal\u0131n\u0131n kuzeyi Kensebba Nahiyesine tabi Vadi Basur K\u00f6y\u00fcnde katil Erdo\u011fan rejimine ba\u011fl\u0131 Nusra Cephesi ve di\u011fer \u00f6rg\u00fctlerin yuva ve destek hatlar\u0131n\u0131 hedef ald\u0131klar\u0131n\u0131 bayan etti.<\/p>\n<p>Kaynak; hava operasyonlarda Nusra Cephesinde Suudi Arabistanl\u0131 bir emire ilaveten T\u00fcrkiyeli 3 ter\u00f6ristin aralar\u0131nda bulundu\u011fu y\u00fcksek say\u0131da ter\u00f6ristin \u00f6ld\u00fcr\u00fcl\u00fcp ara\u00e7 ve silahlar\u0131n\u0131n da imha edildi\u011fini belirtti.<\/p>\n<p>Ordu birliklerimizin Lazkiye k\u0131rsal\u0131nda Hama il idari s\u0131n\u0131rlar\u0131na yak\u0131n d\u00fc\u015fen ve Erdo\u011fan \u00e7etelerinin b\u00f6lgedeki ana karargah\u0131 say\u0131lan Cub el Ahmar K\u00f6y\u00fcnde ter\u00f6ristlerin mevkilerine y\u00f6nelik nitelikli operasyonlar\u0131n\u0131 s\u00fcrd\u00fcrd\u00fcklerini aktaran kaynak; bir ter\u00f6r grubunu t\u00fcm \u00fcyeleriyle \u00f6ld\u00fcr\u00fcrken BMB tipi z\u0131rhl\u0131 bir ara\u00e7, 4 a\u011f\u0131r makineli silah ve bir topu imha ettiklerini aktard\u0131.<\/p>\n<p><span style=\"color: #0000ff\">S\u00dcVEYDA:<\/span><\/p>\n<p>Bu arada S\u00fcveyda k\u0131rsal\u0131nda I\u015e\u0130D \u00e7etelerine kar\u015f\u0131 operasyonlar\u0131n\u0131 s\u00fcrd\u00fcren ordu birliklerimizden bir kaynak SANA\u2019ya a\u00e7\u0131klamas\u0131nda; il k\u0131rsal\u0131n\u0131n kuzeydo\u011fusu Kas\u0131r K\u00f6y\u00fcnde I\u015e\u0130D\u2019li bir ter\u00f6r grubunu nitelikli operasyonla hedef ald\u0131\u011f\u0131n\u0131 s\u00f6yledi.<\/p>\n<p>Kaynak operasyonda ter\u00f6r grubunun t\u00fcm \u00fcyelerinin havzalar\u0131ndaki ara\u00e7 ve cephaneyle birlikte tamam\u0131yla etkisizle\u015ftirildi\u011fini belirtti.<\/p>\n<p><span style=\"color: #0000ff\">HAMA:<\/span><\/p>\n<p>Hama k\u0131rsal\u0131nda yine Erdo\u011fan \u00e7eteleri \u2018Fetih Ordusu\u2019na y\u00f6nelik operasyonlar\u0131n\u0131 s\u00fcrd\u00fcren ordu birliklerimiz Tel Zecrem, Enkavi, Ziyaret ve Mansura b\u00f6lgelerinde aralar\u0131nda yabanc\u0131lar\u0131n bulundu\u011fu \u00e7ok say\u0131da ter\u00f6risti a\u011f\u0131r silahlarla donat\u0131lm\u0131\u015f ara\u00e7lar\u0131 ve cephaneleriyle etkisizle\u015ftirdi.<\/p>\n<p><span style=\"color: #0000ff\">HALEP:<\/span><\/p>\n<p>Askeri kaynak; Halep Kentinin 40 km do\u011fusuna d\u00fc\u015fen Havac\u0131l\u0131k Akademisi \u00e7evresinde de hava g\u00fc\u00e7lerimizin I\u015e\u0130D\u2019in toplanma yerlerini hedef al\u0131rken bir\u00e7ok ter\u00f6risti \u00f6l\u00fc ve yaral\u0131 d\u00fc\u015f\u00fcr\u00fcp bir k\u0131sm\u0131 a\u011f\u0131r makineli silahla donat\u0131lm\u0131\u015f ara\u00e7lar\u0131n\u0131 imha ettiklerini belirtti.<\/p>\n<p><span style=\"color: #0000ff\">\u015eAM KIRSALI:<\/span><\/p>\n<p>Saha kaynaklar\u0131 SANA muhabirine a\u00e7\u0131klamalar\u0131nda ordu birliklerimizin \u015eam k\u0131rsal\u0131 Do\u011fu \u011euta\u2019n\u0131n Madira K\u00f6y\u00fcnde Nusra Cephesin bir silah deposunu imha ederek 5 ter\u00f6risti \u00f6ld\u00fcrd\u00fcklerini s\u00f6yledi.<\/p>\n<p>Kaynaklar; \u015eam k\u0131rsal\u0131 Hammuriye K\u00f6y\u00fc \u00e7iftliklerinde de ordu birliklerimizin Vahhabi \u00c2l Suud rejimine ba\u011fl\u0131 \u2018\u0130slam Ordusu\u2019nun yuva ve k\u00fcmelenme yerlerini hedef almalar\u0131 sonucunda 4 ter\u00f6risti \u00f6ld\u00fcrd\u00fcklerini belirtti.<\/p>\n<p>\u015eam k\u0131rsal\u0131 Erbin Beldesinde ise yine \u2018\u0130slam Ordusu\u2019nun mevkilerine kar\u015f\u0131 ba\u015far\u0131l\u0131 operasyonlarda Fasl\u0131 el Hadi Barake ve L\u00fcbnanl\u0131 Mahfuz Ciara\u2019n\u0131n aralar\u0131nda bulundu\u011fu bir\u00e7ok ter\u00f6ristin \u00f6ld\u00fcr\u00fcl\u00fcd\u011f\u00fcn\u00fc aktaran kaynaklar; a\u011f\u0131r makineli silahla donat\u0131lm\u0131\u015f 4 arac\u0131n da imha edildi\u011fini s\u00f6zlerine ekledi.<\/p>\n<p>Kaynaklar; ordu birliklerimizin L\u00fcbnanl\u0131 derini\u015f g\u00fc\u00e7leriyle i\u015fbirli\u011fi i\u00e7inde \u015eam k\u0131rsal\u0131 Zebadani Kentinde ter\u00f6ristlerin toplanma yerlerine kar\u015f\u0131 operasyonlarda az\u0131l\u0131 ter\u00f6r eleba\u015flar\u0131 Rakan Dieb, Malik Avad ve Musab Avad\u2019\u0131n aralar\u0131nda bulundu\u011fu \u00e7ok say\u0131da ter\u00f6risti \u00f6ld\u00fcrd\u00fcklerini aktard\u0131.<\/p>\n<p>M.M.<\/p>\n","protected":false},"excerpt":{"rendered":"<p>\u0130LLER \u2013 Yurdun muhtelif b\u00f6lgelerinde vatan haini ve kiral\u0131k ter\u00f6ristlere kar\u015f\u0131 sava\u015flar\u0131nda azim ve kararl\u0131l\u0131klar\u0131n\u0131 g\u00f6steren vatan koruyucular\u0131m\u0131z bug\u00fcn de az\u0131l\u0131 katilleri say\u0131 ve ara\u00e7lar\u0131yla a\u011f\u0131r kay\u0131plara u\u011fratmay\u0131 ba\u015fard\u0131. \u0130DL\u0130B: \u0130dlib k\u0131rsal\u0131nda Suudi krall\u0131k rejimi taraf\u0131ndan finanse edilen ve Erdo\u011fan rejimi taraf\u0131ndan desteklenen \u2018Fetih Ordusu\u2019 az\u0131l\u0131 katillerine kar\u015f\u0131 operasyonlar\u0131n\u0131 s\u00fcrd\u00fcren ordu birliklerimiz bug\u00fcn aralar\u0131nda yabanc\u0131lar\u0131n &hellip;<\/p>\n","protected":false},"author":1,"featured_media":45388,"comment_status":"closed","ping_status":"closed","sticky":false,"template":"","format":"standard","meta":{"footnotes":""},"categories":[575],"tags":[16512],"class_list":["post-45386","post","type-post","status-publish","format-standard","has-post-thumbnail","","category-olaylar-ve-gercekler","tag-vatan-koruyuculari-terore-karsi-savaslarinda-azim-ve-kararliliklarini-gosteriyor"],"_links":{"self":[{"href":"https:\/\/archive.sana.sy\/tr\/index.php?rest_route=\/wp\/v2\/posts\/45386","targetHints":{"allow":["GET"]}}],"collection":[{"href":"https:\/\/archive.sana.sy\/tr\/index.php?rest_route=\/wp\/v2\/posts"}],"about":[{"href":"https:\/\/archive.sana.sy\/tr\/index.php?rest_route=\/wp\/v2\/types\/post"}],"author":[{"embeddable":true,"href":"https:\/\/archive.sana.sy\/tr\/index.php?rest_route=\/wp\/v2\/users\/1"}],"replies":[{"embeddable":true,"href":"https:\/\/archive.sana.sy\/tr\/index.php?rest_route=%2Fwp%2Fv2%2Fcomments&post=45386"}],"version-history":[{"count":0,"href":"https:\/\/archive.sana.sy\/tr\/index.php?rest_route=\/wp\/v2\/posts\/45386\/revisions"}],"wp:featuredmedia":[{"embeddable":true,"href":"https:\/\/archive.sana.sy\/tr\/index.php?rest_route=\/wp\/v2\/media\/45388"}],"wp:attachment":[{"href":"https:\/\/archive.sana.sy\/tr\/index.php?rest_route=%2Fwp%2Fv2%2Fmedia&parent=45386"}],"wp:term":[{"taxonomy":"category","embeddable":true,"href":"https:\/\/archive.sana.sy\/tr\/index.php?rest_route=%2Fwp%2Fv2%2Fcategories&post=45386"},{"taxonomy":"post_tag","embeddable":true,"href":"https:\/\/archive.sana.sy\/tr\/index.php?rest_route=%2Fwp%2Fv2%2Ftags&post=45386"}],"curies":[{"name":"wp","href":"https:\/\/api.w.org\/{rel}","templated":true}]}}