{"id":45407,"date":"2015-09-01T17:23:21","date_gmt":"2015-09-01T14:23:21","guid":{"rendered":"http:\/\/www.sana.sy\/tr\/?p=45407"},"modified":"2015-09-01T17:23:21","modified_gmt":"2015-09-01T14:23:21","slug":"hama-kirsalinda-yine-erdogan-ceteleri-fetih-ordusuna-yonelik-operasyonlarini-surduren-ordu-birliklerimiz-tel-zecrem-enkavi-ziyaret-ve-mansura-bolgelerinde-aralarinda-yabancilarin-b","status":"publish","type":"post","link":"https:\/\/archive.sana.sy\/tr\/?p=45407","title":{"rendered":"Hama k\u0131rsal\u0131nda yine Erdo\u011fan \u00e7eteleri \u2018Fetih Ordusu\u2019na y\u00f6nelik operasyonlar\u0131n\u0131 s\u00fcrd\u00fcren ordu birliklerimiz Tel Zecrem, Enkavi, Ziyaret ve Mansura b\u00f6lgelerinde aralar\u0131nda yabanc\u0131lar\u0131n bulundu\u011fu \u00e7ok say\u0131da ter\u00f6risti a\u011f\u0131r silahlarla donat\u0131lm\u0131\u015f ara\u00e7lar\u0131 ve cephaneleriyle etkisizle\u015ftirdi."},"content":{"rendered":"<p>Hama k\u0131rsal\u0131nda yine Erdo\u011fan \u00e7eteleri \u2018Fetih Ordusu\u2019na y\u00f6nelik operasyonlar\u0131n\u0131 s\u00fcrd\u00fcren ordu birliklerimiz Tel Zecrem, Enkavi, Ziyaret ve Mansura b\u00f6lgelerinde aralar\u0131nda yabanc\u0131lar\u0131n bulundu\u011fu \u00e7ok say\u0131da ter\u00f6risti a\u011f\u0131r silahlarla donat\u0131lm\u0131\u015f ara\u00e7lar\u0131 ve cephaneleriyle etkisizle\u015ftirdi.<\/p>\n","protected":false},"excerpt":{"rendered":"<p>Hama k\u0131rsal\u0131nda yine Erdo\u011fan \u00e7eteleri \u2018Fetih Ordusu\u2019na y\u00f6nelik operasyonlar\u0131n\u0131 s\u00fcrd\u00fcren ordu birliklerimiz Tel Zecrem, Enkavi, Ziyaret ve Mansura b\u00f6lgelerinde aralar\u0131nda yabanc\u0131lar\u0131n bulundu\u011fu \u00e7ok say\u0131da ter\u00f6risti a\u011f\u0131r silahlarla donat\u0131lm\u0131\u015f ara\u00e7lar\u0131 ve cephaneleriyle etkisizle\u015ftirdi.<\/p>\n","protected":false},"author":1,"featured_media":0,"comment_status":"closed","ping_status":"closed","sticky":false,"template":"","format":"standard","meta":{"footnotes":""},"categories":[1],"tags":[],"class_list":["post-45407","post","type-post","status-publish","format-standard","","category-news-not-sorted"],"_links":{"self":[{"href":"https:\/\/archive.sana.sy\/tr\/index.php?rest_route=\/wp\/v2\/posts\/45407","targetHints":{"allow":["GET"]}}],"collection":[{"href":"https:\/\/archive.sana.sy\/tr\/index.php?rest_route=\/wp\/v2\/posts"}],"about":[{"href":"https:\/\/archive.sana.sy\/tr\/index.php?rest_route=\/wp\/v2\/types\/post"}],"author":[{"embeddable":true,"href":"https:\/\/archive.sana.sy\/tr\/index.php?rest_route=\/wp\/v2\/users\/1"}],"replies":[{"embeddable":true,"href":"https:\/\/archive.sana.sy\/tr\/index.php?rest_route=%2Fwp%2Fv2%2Fcomments&post=45407"}],"version-history":[{"count":0,"href":"https:\/\/archive.sana.sy\/tr\/index.php?rest_route=\/wp\/v2\/posts\/45407\/revisions"}],"wp:attachment":[{"href":"https:\/\/archive.sana.sy\/tr\/index.php?rest_route=%2Fwp%2Fv2%2Fmedia&parent=45407"}],"wp:term":[{"taxonomy":"category","embeddable":true,"href":"https:\/\/archive.sana.sy\/tr\/index.php?rest_route=%2Fwp%2Fv2%2Fcategories&post=45407"},{"taxonomy":"post_tag","embeddable":true,"href":"https:\/\/archive.sana.sy\/tr\/index.php?rest_route=%2Fwp%2Fv2%2Ftags&post=45407"}],"curies":[{"name":"wp","href":"https:\/\/api.w.org\/{rel}","templated":true}]}}