{"id":45449,"date":"2015-09-02T10:40:22","date_gmt":"2015-09-02T07:40:22","guid":{"rendered":"http:\/\/www.sana.sy\/tr\/?p=45449"},"modified":"2015-09-02T14:09:05","modified_gmt":"2015-09-02T11:09:05","slug":"sanaya-aciklama-yapan-askeri-bir-kaynak-halep-kirsalinin-dogusu-havacilik-akademisinin-civarinda-isidli-cok-sayida-isidliyi-techizatlariyla-etkisizlestirmelerine-es-zamanli","status":"publish","type":"post","link":"https:\/\/archive.sana.sy\/tr\/?p=45449","title":{"rendered":"SANA\u2019ya a\u00e7\u0131klama yapan askeri bir kaynak Halep k\u0131rsal\u0131n\u0131n do\u011fusu Havac\u0131l\u0131k Akademisinin civar\u0131nda I\u015e\u0130D\u2019li \u00e7ok say\u0131da I\u015e\u0130D\u2019liyi te\u00e7hizatlar\u0131yla etkisizle\u015ftirmelerine e\u015f zamanl\u0131 olarak Neyrab Havaliman\u0131 civar\u0131, Hreytan, Beyanon ve Ramusiye b\u00f6lgelerinde Erdo\u011fan rejimi taraf\u0131ndan destek ve talimat alan ter\u00f6ristlerin yuva ve ara\u00e7lar\u0131n\u0131 muhtevalar\u0131yla imha etti."},"content":{"rendered":"<p>SANA\u2019ya a\u00e7\u0131klama yapan askeri bir kaynak Halep k\u0131rsal\u0131n\u0131n do\u011fusu Havac\u0131l\u0131k Akademisinin civar\u0131nda I\u015e\u0130D\u2019li \u00e7ok say\u0131da I\u015e\u0130D\u2019liyi te\u00e7hizatlar\u0131yla etkisizle\u015ftirmelerine e\u015f zamanl\u0131 olarak Neyrab Havaliman\u0131 civar\u0131, Hreytan, Beyanon ve Ramusiye b\u00f6lgelerinde Erdo\u011fan rejimi taraf\u0131ndan destek ve talimat alan ter\u00f6ristlerin yuva ve ara\u00e7lar\u0131n\u0131 muhtevalar\u0131yla imha etti.<\/p>\n","protected":false},"excerpt":{"rendered":"<p>SANA\u2019ya a\u00e7\u0131klama yapan askeri bir kaynak Halep k\u0131rsal\u0131n\u0131n do\u011fusu Havac\u0131l\u0131k Akademisinin civar\u0131nda I\u015e\u0130D\u2019li \u00e7ok say\u0131da I\u015e\u0130D\u2019liyi te\u00e7hizatlar\u0131yla etkisizle\u015ftirmelerine e\u015f zamanl\u0131 olarak Neyrab Havaliman\u0131 civar\u0131, Hreytan, Beyanon ve Ramusiye b\u00f6lgelerinde Erdo\u011fan rejimi taraf\u0131ndan destek ve talimat alan ter\u00f6ristlerin yuva ve ara\u00e7lar\u0131n\u0131 muhtevalar\u0131yla imha etti.<\/p>\n","protected":false},"author":1,"featured_media":0,"comment_status":"closed","ping_status":"closed","sticky":false,"template":"","format":"standard","meta":{"footnotes":""},"categories":[1],"tags":[],"class_list":["post-45449","post","type-post","status-publish","format-standard","","category-news-not-sorted"],"_links":{"self":[{"href":"https:\/\/archive.sana.sy\/tr\/index.php?rest_route=\/wp\/v2\/posts\/45449","targetHints":{"allow":["GET"]}}],"collection":[{"href":"https:\/\/archive.sana.sy\/tr\/index.php?rest_route=\/wp\/v2\/posts"}],"about":[{"href":"https:\/\/archive.sana.sy\/tr\/index.php?rest_route=\/wp\/v2\/types\/post"}],"author":[{"embeddable":true,"href":"https:\/\/archive.sana.sy\/tr\/index.php?rest_route=\/wp\/v2\/users\/1"}],"replies":[{"embeddable":true,"href":"https:\/\/archive.sana.sy\/tr\/index.php?rest_route=%2Fwp%2Fv2%2Fcomments&post=45449"}],"version-history":[{"count":0,"href":"https:\/\/archive.sana.sy\/tr\/index.php?rest_route=\/wp\/v2\/posts\/45449\/revisions"}],"wp:attachment":[{"href":"https:\/\/archive.sana.sy\/tr\/index.php?rest_route=%2Fwp%2Fv2%2Fmedia&parent=45449"}],"wp:term":[{"taxonomy":"category","embeddable":true,"href":"https:\/\/archive.sana.sy\/tr\/index.php?rest_route=%2Fwp%2Fv2%2Fcategories&post=45449"},{"taxonomy":"post_tag","embeddable":true,"href":"https:\/\/archive.sana.sy\/tr\/index.php?rest_route=%2Fwp%2Fv2%2Ftags&post=45449"}],"curies":[{"name":"wp","href":"https:\/\/api.w.org\/{rel}","templated":true}]}}