{"id":45453,"date":"2015-09-02T10:20:00","date_gmt":"2015-09-02T07:20:00","guid":{"rendered":"http:\/\/www.sana.sy\/tr\/?p=45453"},"modified":"2015-09-02T14:05:25","modified_gmt":"2015-09-02T11:05:25","slug":"ordu-birliklerimiz-suveyda-kirsalinda-sale-havalimanina-guneydogu-yonunden-saldirmaya-calisan-teroristlerin-tamamini-olu-yarali-ele-gecirmelerine-es-zamanli-olarak-terorist-ve-cephane-tasiyan-bir-kamy","status":"publish","type":"post","link":"https:\/\/archive.sana.sy\/tr\/?p=45453","title":{"rendered":"Ordu birliklerimiz S\u00fcveyda k\u0131rsal\u0131nda Sale Havaliman\u0131na g\u00fcneydo\u011fu y\u00f6n\u00fcnden sald\u0131rmaya \u00e7al\u0131\u015fan ter\u00f6ristlerin tamam\u0131n\u0131 \u00f6l\u00fc yaral\u0131 ele ge\u00e7irmelerine e\u015f zamanl\u0131 olarak ter\u00f6rist ve cephane ta\u015f\u0131yan bir kamyonu y\u00fck\u00fcyle birlikte imha etti."},"content":{"rendered":"<p>Ordu birliklerimiz S\u00fcveyda k\u0131rsal\u0131nda Sale Havaliman\u0131na g\u00fcneydo\u011fu y\u00f6n\u00fcnden sald\u0131rmaya \u00e7al\u0131\u015fan ter\u00f6ristlerin tamam\u0131n\u0131 \u00f6l\u00fc yaral\u0131 ele ge\u00e7irmelerine e\u015f zamanl\u0131 olarak ter\u00f6rist ve cephane ta\u015f\u0131yan bir kamyonu y\u00fck\u00fcyle birlikte imha etti.<\/p>\n","protected":false},"excerpt":{"rendered":"<p>Ordu birliklerimiz S\u00fcveyda k\u0131rsal\u0131nda Sale Havaliman\u0131na g\u00fcneydo\u011fu y\u00f6n\u00fcnden sald\u0131rmaya \u00e7al\u0131\u015fan ter\u00f6ristlerin tamam\u0131n\u0131 \u00f6l\u00fc yaral\u0131 ele ge\u00e7irmelerine e\u015f zamanl\u0131 olarak ter\u00f6rist ve cephane ta\u015f\u0131yan bir kamyonu y\u00fck\u00fcyle birlikte imha etti.<\/p>\n","protected":false},"author":1,"featured_media":0,"comment_status":"closed","ping_status":"closed","sticky":false,"template":"","format":"standard","meta":{"footnotes":""},"categories":[1],"tags":[],"class_list":["post-45453","post","type-post","status-publish","format-standard","","category-news-not-sorted"],"_links":{"self":[{"href":"https:\/\/archive.sana.sy\/tr\/index.php?rest_route=\/wp\/v2\/posts\/45453","targetHints":{"allow":["GET"]}}],"collection":[{"href":"https:\/\/archive.sana.sy\/tr\/index.php?rest_route=\/wp\/v2\/posts"}],"about":[{"href":"https:\/\/archive.sana.sy\/tr\/index.php?rest_route=\/wp\/v2\/types\/post"}],"author":[{"embeddable":true,"href":"https:\/\/archive.sana.sy\/tr\/index.php?rest_route=\/wp\/v2\/users\/1"}],"replies":[{"embeddable":true,"href":"https:\/\/archive.sana.sy\/tr\/index.php?rest_route=%2Fwp%2Fv2%2Fcomments&post=45453"}],"version-history":[{"count":0,"href":"https:\/\/archive.sana.sy\/tr\/index.php?rest_route=\/wp\/v2\/posts\/45453\/revisions"}],"wp:attachment":[{"href":"https:\/\/archive.sana.sy\/tr\/index.php?rest_route=%2Fwp%2Fv2%2Fmedia&parent=45453"}],"wp:term":[{"taxonomy":"category","embeddable":true,"href":"https:\/\/archive.sana.sy\/tr\/index.php?rest_route=%2Fwp%2Fv2%2Fcategories&post=45453"},{"taxonomy":"post_tag","embeddable":true,"href":"https:\/\/archive.sana.sy\/tr\/index.php?rest_route=%2Fwp%2Fv2%2Ftags&post=45453"}],"curies":[{"name":"wp","href":"https:\/\/api.w.org\/{rel}","templated":true}]}}