{"id":4554,"date":"2014-07-03T23:55:15","date_gmt":"2014-07-03T20:55:15","guid":{"rendered":"http:\/\/www.sana.sy\/tr\/?p=4554"},"modified":"2014-07-04T13:05:06","modified_gmt":"2014-07-04T10:05:06","slug":"kaag-bu-basari-dikkate-alinmalidir","status":"publish","type":"post","link":"https:\/\/archive.sana.sy\/tr\/?p=4554","title":{"rendered":"Kaag: Bu Ba\u015far\u0131 Dikkate Al\u0131nmal\u0131d\u0131r"},"content":{"rendered":"<p>\u015eAM \u2013 D\u0131\u015fi\u015fleri ve Gurbet\u00e7iler Bakan\u0131 Yard\u0131mc\u0131s\u0131 Uluslar aras\u0131 Kimyasal Silahlar\u0131n Yasaklanmas\u0131 Anla\u015fmas\u0131n\u0131 hayata ge\u00e7irmede ulusal komite ba\u015fkan\u0131 Faysal Mikdat bug\u00fcn\u00a0sabah saatlerinde Uluslar aras\u0131 Kimyasal Silahlar\u0131 Yasaklama \u00d6rg\u00fct\u00fc ve Birle\u015fmi\u015f Milletler ortak komisyonu ba\u015fkan\u0131 Sigrid Kaag ve ona e\u015flik eden heyet ile temaslarda bulundu.<\/p>\n<p>G\u00f6r\u00fc\u015fmede Suriye&#8217;nin UKSY\u00d6 ile anla\u015fmas\u0131 kapsam\u0131nda \u00fcst\u00fcne d\u00fc\u015fen sorumluluklar\u0131 yerine getirmede sa\u011flad\u0131\u011f\u0131 ba\u015far\u0131lar ve Suriye&#8217;deki zor g\u00fcvenlik ko\u015fullar\u0131na ra\u011fmen kimyasal maddelerin son partisinin yurtd\u0131\u015f\u0131na aktar\u0131lmas\u0131n\u0131n sona ermesi konular\u0131 masaya yat\u0131r\u0131ld\u0131.<\/p>\n<p><a href=\"http:\/\/www.sana.sy\/tr\/wp-content\/uploads\/2014\/07\/Mikdat.jpg\"><img loading=\"lazy\" decoding=\"async\" class=\"alignright wp-image-4556 size-medium\" src=\"http:\/\/www.sana.sy\/tr\/wp-content\/uploads\/2014\/07\/Mikdat-300x159.jpg\" alt=\"Mikdat\" width=\"300\" height=\"159\" srcset=\"https:\/\/archive.sana.sy\/tr\/wp-content\/uploads\/2014\/07\/Mikdat-300x160.jpg 300w, https:\/\/archive.sana.sy\/tr\/wp-content\/uploads\/2014\/07\/Mikdat-150x79.jpg 150w, https:\/\/archive.sana.sy\/tr\/wp-content\/uploads\/2014\/07\/Mikdat.jpg 381w\" sizes=\"auto, (max-width: 300px) 100vw, 300px\" \/><\/a>Mikdat Suriye&#8217;nin her daim oldu\u011fu gibi uluslar aras\u0131 konularda \u00fcst\u00fcne d\u00fc\u015fen t\u00fcm sorumluluklar\u0131 tam olarak yerine getirme \u00f6zeni ve kararl\u0131l\u0131\u011f\u0131nda oldu\u011funa dikkat \u00e7ekti.<\/p>\n<p>G\u00f6r\u00fc\u015fmenin ard\u0131ndan bas\u0131na a\u00e7\u0131klama yapan Mikdat; Suriye&#8217;deki kimyasal maddelerin yurtd\u0131\u015f\u0131na \u00e7\u0131karma s\u00fcrecinin tamamlanmas\u0131n\u0131n b\u00fcy\u00fck bir ba\u015far\u0131 oldu\u011funu belirtirken, bu ba\u015far\u0131n\u0131n sadece Suriye&#8217;nin de\u011fil ayn\u0131 zamanda UKSY\u00d6 ve BM ortak komitesinin de ba\u015far\u0131s\u0131 oldu\u011funu ifade etti.<\/p>\n<p>Mikdat geriye kalan kimyasal maddelerin \u00e7\u0131kar\u0131lmas\u0131ndaki gecikmenin sorumlulu\u011funun tamam\u0131yla ABD ve bu konuyu siyasi hedefleri i\u00e7in politikle\u015ftirme amac\u0131yla engellemeye \u00e7al\u0131\u015fan taraflara d\u00fc\u015ft\u00fc\u011f\u00fcne vurgu yapt\u0131.<\/p>\n<p>Suriye&#8217;de kimyasal tesislerin tamam\u0131n\u0131n Suriye ordusunun kontrol\u00fc alt\u0131nda oldu\u011funu belirten Mikdat; bu s\u00fcrecin tamam\u0131yla sonland\u0131r\u0131lmas\u0131na dek ordunun buna \u00f6zen g\u00f6sterece\u011fini s\u00f6yledi.<\/p>\n<p><a href=\"http:\/\/www.sana.sy\/tr\/wp-content\/uploads\/2014\/07\/kaag.jpg\"><img loading=\"lazy\" decoding=\"async\" class=\"alignright wp-image-4555 size-medium\" src=\"http:\/\/www.sana.sy\/tr\/wp-content\/uploads\/2014\/07\/kaag-300x159.jpg\" alt=\"kaag\" width=\"300\" height=\"159\" srcset=\"https:\/\/archive.sana.sy\/tr\/wp-content\/uploads\/2014\/07\/kaag-300x160.jpg 300w, https:\/\/archive.sana.sy\/tr\/wp-content\/uploads\/2014\/07\/kaag-150x79.jpg 150w, https:\/\/archive.sana.sy\/tr\/wp-content\/uploads\/2014\/07\/kaag.jpg 381w\" sizes=\"auto, (max-width: 300px) 100vw, 300px\" \/><\/a>Bas\u0131na benzer bir a\u00e7\u0131klama yapan Kaag; Suriye h\u00fck\u00fcmetinin ba\u015ftan beri g\u00fc\u00e7l\u00fc ve azimli i\u015fbirli\u011fi sayesinde Suriye&#8217;deki kimyasal maddelerin tasfiye edilmesi amac\u0131yla yurtd\u0131\u015f\u0131na \u00e7\u0131kar\u0131lmas\u0131nda olduk\u00e7a ciddi, \u00f6nemli ve b\u00fcy\u00fck bir ba\u015far\u0131 sa\u011flad\u0131klar\u0131n\u0131 belirtti.<\/p>\n<p>Kaag bu ba\u015far\u0131n\u0131n somut bir \u015fekilde g\u00f6r\u00fclmesi ve dikkate al\u0131nmas\u0131 \u00f6nemine i\u015faret etti.<\/p>\n","protected":false},"excerpt":{"rendered":"<p>\u015eAM \u2013 D\u0131\u015fi\u015fleri ve Gurbet\u00e7iler Bakan\u0131 Yard\u0131mc\u0131s\u0131 Uluslar aras\u0131 Kimyasal Silahlar\u0131n Yasaklanmas\u0131 Anla\u015fmas\u0131n\u0131 hayata ge\u00e7irmede ulusal komite ba\u015fkan\u0131 Faysal Mikdat bug\u00fcn\u00a0sabah saatlerinde Uluslar aras\u0131 Kimyasal Silahlar\u0131 Yasaklama \u00d6rg\u00fct\u00fc ve Birle\u015fmi\u015f Milletler ortak komisyonu ba\u015fkan\u0131 Sigrid Kaag ve ona e\u015flik eden heyet ile temaslarda bulundu. G\u00f6r\u00fc\u015fmede Suriye&#8217;nin UKSY\u00d6 ile anla\u015fmas\u0131 kapsam\u0131nda \u00fcst\u00fcne d\u00fc\u015fen sorumluluklar\u0131 yerine getirmede &hellip;<\/p>\n","protected":false},"author":1,"featured_media":4557,"comment_status":"closed","ping_status":"closed","sticky":false,"template":"","format":"standard","meta":{"footnotes":""},"categories":[479,447,478],"tags":[],"class_list":["post-4554","post","type-post","status-publish","format-standard","has-post-thumbnail","","category-haberler-yerel","category-politika","category-yerel"],"_links":{"self":[{"href":"https:\/\/archive.sana.sy\/tr\/index.php?rest_route=\/wp\/v2\/posts\/4554","targetHints":{"allow":["GET"]}}],"collection":[{"href":"https:\/\/archive.sana.sy\/tr\/index.php?rest_route=\/wp\/v2\/posts"}],"about":[{"href":"https:\/\/archive.sana.sy\/tr\/index.php?rest_route=\/wp\/v2\/types\/post"}],"author":[{"embeddable":true,"href":"https:\/\/archive.sana.sy\/tr\/index.php?rest_route=\/wp\/v2\/users\/1"}],"replies":[{"embeddable":true,"href":"https:\/\/archive.sana.sy\/tr\/index.php?rest_route=%2Fwp%2Fv2%2Fcomments&post=4554"}],"version-history":[{"count":0,"href":"https:\/\/archive.sana.sy\/tr\/index.php?rest_route=\/wp\/v2\/posts\/4554\/revisions"}],"wp:featuredmedia":[{"embeddable":true,"href":"https:\/\/archive.sana.sy\/tr\/index.php?rest_route=\/wp\/v2\/media\/4557"}],"wp:attachment":[{"href":"https:\/\/archive.sana.sy\/tr\/index.php?rest_route=%2Fwp%2Fv2%2Fmedia&parent=4554"}],"wp:term":[{"taxonomy":"category","embeddable":true,"href":"https:\/\/archive.sana.sy\/tr\/index.php?rest_route=%2Fwp%2Fv2%2Fcategories&post=4554"},{"taxonomy":"post_tag","embeddable":true,"href":"https:\/\/archive.sana.sy\/tr\/index.php?rest_route=%2Fwp%2Fv2%2Ftags&post=4554"}],"curies":[{"name":"wp","href":"https:\/\/api.w.org\/{rel}","templated":true}]}}