{"id":45592,"date":"2015-09-03T14:10:27","date_gmt":"2015-09-03T11:10:27","guid":{"rendered":"http:\/\/sana.sy\/tr\/?p=45592"},"modified":"2015-09-03T14:36:00","modified_gmt":"2015-09-03T11:36:00","slug":"45592","status":"publish","type":"post","link":"https:\/\/archive.sana.sy\/tr\/?p=45592","title":{"rendered":"Birinci Dereceden istihkak Madalyas\u0131 Verildi"},"content":{"rendered":"<p>\u015eAM \u2013 Cumhurba\u015fkan\u0131 Be\u015f\u015far el Esad bug\u00fcn arkeoloji alan\u0131ndaki \u00fcst\u00fcn ba\u015far\u0131lar\u0131ndan dolay\u0131 Ara\u015ft\u0131rmac\u0131 Arkeolog Halit Asaad\u2019a vefattan sonra birinci dereceden istihkak madalyas\u0131 verilmesini \u00f6ng\u00f6ren 2015\/229 say\u0131l\u0131 kararnameyi onaylad\u0131.<\/p>\n<p>Suriye&#8217;de tarihi eser alan\u0131nda olduk\u00e7a \u00f6nemli ba\u015far\u0131lara sahip olan Ara\u015ft\u0131rmac\u0131 Arkeolog Asaad; Homs ilinin do\u011fu k\u0131rsal\u0131 Tedmur Kentinde I\u015e\u0130D \u00e7etelerine biat etmeyi reddetmesiyle bu tekfirciler taraf\u0131ndan vah\u015fice \u015fehit edilmi\u015fti.<\/p>\n<p>R.H.<\/p>\n","protected":false},"excerpt":{"rendered":"<p>\u015eAM \u2013 Cumhurba\u015fkan\u0131 Be\u015f\u015far el Esad bug\u00fcn arkeoloji alan\u0131ndaki \u00fcst\u00fcn ba\u015far\u0131lar\u0131ndan dolay\u0131 Ara\u015ft\u0131rmac\u0131 Arkeolog Halit Asaad\u2019a vefattan sonra birinci dereceden istihkak madalyas\u0131 verilmesini \u00f6ng\u00f6ren 2015\/229 say\u0131l\u0131 kararnameyi onaylad\u0131. Suriye&#8217;de tarihi eser alan\u0131nda olduk\u00e7a \u00f6nemli ba\u015far\u0131lara sahip olan Ara\u015ft\u0131rmac\u0131 Arkeolog Asaad; Homs ilinin do\u011fu k\u0131rsal\u0131 Tedmur Kentinde I\u015e\u0130D \u00e7etelerine biat etmeyi reddetmesiyle bu tekfirciler taraf\u0131ndan vah\u015fice &hellip;<\/p>\n","protected":false},"author":1,"featured_media":45595,"comment_status":"closed","ping_status":"closed","sticky":false,"template":"","format":"standard","meta":{"footnotes":""},"categories":[479,511,605,612,599,478],"tags":[],"class_list":["post-45592","post","type-post","status-publish","format-standard","has-post-thumbnail","","category-haberler-yerel","category-kultur-ve-sanat","category-sayin-cumhurbaskani","category-yasama-kararnameler","category-yasama-ve-kanunlar","category-yerel"],"_links":{"self":[{"href":"https:\/\/archive.sana.sy\/tr\/index.php?rest_route=\/wp\/v2\/posts\/45592","targetHints":{"allow":["GET"]}}],"collection":[{"href":"https:\/\/archive.sana.sy\/tr\/index.php?rest_route=\/wp\/v2\/posts"}],"about":[{"href":"https:\/\/archive.sana.sy\/tr\/index.php?rest_route=\/wp\/v2\/types\/post"}],"author":[{"embeddable":true,"href":"https:\/\/archive.sana.sy\/tr\/index.php?rest_route=\/wp\/v2\/users\/1"}],"replies":[{"embeddable":true,"href":"https:\/\/archive.sana.sy\/tr\/index.php?rest_route=%2Fwp%2Fv2%2Fcomments&post=45592"}],"version-history":[{"count":0,"href":"https:\/\/archive.sana.sy\/tr\/index.php?rest_route=\/wp\/v2\/posts\/45592\/revisions"}],"wp:featuredmedia":[{"embeddable":true,"href":"https:\/\/archive.sana.sy\/tr\/index.php?rest_route=\/wp\/v2\/media\/45595"}],"wp:attachment":[{"href":"https:\/\/archive.sana.sy\/tr\/index.php?rest_route=%2Fwp%2Fv2%2Fmedia&parent=45592"}],"wp:term":[{"taxonomy":"category","embeddable":true,"href":"https:\/\/archive.sana.sy\/tr\/index.php?rest_route=%2Fwp%2Fv2%2Fcategories&post=45592"},{"taxonomy":"post_tag","embeddable":true,"href":"https:\/\/archive.sana.sy\/tr\/index.php?rest_route=%2Fwp%2Fv2%2Ftags&post=45592"}],"curies":[{"name":"wp","href":"https:\/\/api.w.org\/{rel}","templated":true}]}}