{"id":4562,"date":"2014-07-04T13:00:44","date_gmt":"2014-07-04T10:00:44","guid":{"rendered":"http:\/\/www.sana.sy\/tr\/?p=4562"},"modified":"2014-07-05T12:43:16","modified_gmt":"2014-07-05T09:43:16","slug":"madrid-suriye-seyahat-gunlerini-agirlamaya-basladi","status":"publish","type":"post","link":"https:\/\/archive.sana.sy\/tr\/?p=4562","title":{"rendered":"Madrid Suriye Seyahat G\u00fcnlerini A\u011f\u0131rlamaya Ba\u015flad\u0131"},"content":{"rendered":"<p>\u015eam \u2013 Turizm Bakanl\u0131\u011f\u0131 Tan\u0131t\u0131m ve Pazarlama M\u00fcd\u00fcr\u00fc Bessam Barsik; d\u00fcnyan\u0131n d\u00f6rt bir yan\u0131nda d\u00fczenlenen \u201cSuriye Seyahat G\u00fcnleri\u201d faaliyetlerinin \u0130spanya\u2019n\u0131n ba\u015fkenti Madrid\u2019de d\u00fcn ba\u015flad\u0131\u011f\u0131n\u0131 ifade etti.<\/p>\n<p>Bug\u00fcn\u00a0SANA\u2019ya bir deme\u00e7 veren Barsik; Madrid\u2019te d\u00fczenlenen \u201cSuriye Seyahat G\u00fcnleri\u201d a\u00e7\u0131l\u0131\u015f\u0131nda \u0130spanyal\u0131lar i\u00e7in haz\u0131rlanm\u0131\u015f ve silahl\u0131 ter\u00f6r gruplar\u0131n\u0131n Suriye&#8217;de tarihi eser ve uygarl\u0131k tarihini nas\u0131l gasp ve tahrip ettiklerini anlatan bir video g\u00f6sterimi sunuldu.<\/p>\n<p>\u201cSuriye Seyahat G\u00fcnleri\u201d faaliyetleri kapsam\u0131nda \u201cSuriye&#8217;de Tarihi Eser Hazineleri\u2026 \u0130nsanl\u0131k Gelene\u011fi\u201d ba\u015fl\u0131kl\u0131 bir foto\u011fraf sergisi sunuldu\u011funa i\u015faret eden Barsik; sergide Suriye\u2019nin tarihi eser platformlar\u0131n\u0131n ter\u00f6r sald\u0131r\u0131lar\u0131 \u00f6ncesinde ve sonras\u0131ndaki g\u00f6r\u00fcnt\u00fclerinin sergilendi\u011fini beyan etti.<\/p>\n<p>\u00d6te yandan Suriye Seyahat G\u00fcnleri faaliyetlerinin d\u00fczenlenmesine \u00f6nc\u00fcl\u00fck eden Madrid\u2019te Malula Dostlar\u0131 Cemiyeti Ba\u015fkan\u0131 Yusuf Mesaad; bu faaliyetlerle Suriye uygarl\u0131klar\u0131n\u0131n b\u00fct\u00fcn d\u00fcnyaya tan\u0131t\u0131lmas\u0131n\u0131n b\u00fcy\u00fck bir \u00f6nem ta\u015f\u0131d\u0131\u011f\u0131na i\u015faret ederek b\u00f6ylesi bir uygarl\u0131\u011f\u0131n gasp ve tahripten korunmas\u0131 gere\u011fini vurgulad\u0131.<\/p>\n","protected":false},"excerpt":{"rendered":"<p>\u015eam \u2013 Turizm Bakanl\u0131\u011f\u0131 Tan\u0131t\u0131m ve Pazarlama M\u00fcd\u00fcr\u00fc Bessam Barsik; d\u00fcnyan\u0131n d\u00f6rt bir yan\u0131nda d\u00fczenlenen \u201cSuriye Seyahat G\u00fcnleri\u201d faaliyetlerinin \u0130spanya\u2019n\u0131n ba\u015fkenti Madrid\u2019de d\u00fcn ba\u015flad\u0131\u011f\u0131n\u0131 ifade etti. Bug\u00fcn\u00a0SANA\u2019ya bir deme\u00e7 veren Barsik; Madrid\u2019te d\u00fczenlenen \u201cSuriye Seyahat G\u00fcnleri\u201d a\u00e7\u0131l\u0131\u015f\u0131nda \u0130spanyal\u0131lar i\u00e7in haz\u0131rlanm\u0131\u015f ve silahl\u0131 ter\u00f6r gruplar\u0131n\u0131n Suriye&#8217;de tarihi eser ve uygarl\u0131k tarihini nas\u0131l gasp ve tahrip ettiklerini &hellip;<\/p>\n","protected":false},"author":1,"featured_media":4563,"comment_status":"closed","ping_status":"closed","sticky":false,"template":"","format":"standard","meta":{"footnotes":""},"categories":[526,525],"tags":[993],"class_list":["post-4562","post","type-post","status-publish","format-standard","has-post-thumbnail","","category-haber-ve-raporlar","category-toplum","tag-madrid-suriye-seyahat-gunlerini-agirlamaya-basladi"],"_links":{"self":[{"href":"https:\/\/archive.sana.sy\/tr\/index.php?rest_route=\/wp\/v2\/posts\/4562","targetHints":{"allow":["GET"]}}],"collection":[{"href":"https:\/\/archive.sana.sy\/tr\/index.php?rest_route=\/wp\/v2\/posts"}],"about":[{"href":"https:\/\/archive.sana.sy\/tr\/index.php?rest_route=\/wp\/v2\/types\/post"}],"author":[{"embeddable":true,"href":"https:\/\/archive.sana.sy\/tr\/index.php?rest_route=\/wp\/v2\/users\/1"}],"replies":[{"embeddable":true,"href":"https:\/\/archive.sana.sy\/tr\/index.php?rest_route=%2Fwp%2Fv2%2Fcomments&post=4562"}],"version-history":[{"count":0,"href":"https:\/\/archive.sana.sy\/tr\/index.php?rest_route=\/wp\/v2\/posts\/4562\/revisions"}],"wp:featuredmedia":[{"embeddable":true,"href":"https:\/\/archive.sana.sy\/tr\/index.php?rest_route=\/wp\/v2\/media\/4563"}],"wp:attachment":[{"href":"https:\/\/archive.sana.sy\/tr\/index.php?rest_route=%2Fwp%2Fv2%2Fmedia&parent=4562"}],"wp:term":[{"taxonomy":"category","embeddable":true,"href":"https:\/\/archive.sana.sy\/tr\/index.php?rest_route=%2Fwp%2Fv2%2Fcategories&post=4562"},{"taxonomy":"post_tag","embeddable":true,"href":"https:\/\/archive.sana.sy\/tr\/index.php?rest_route=%2Fwp%2Fv2%2Ftags&post=4562"}],"curies":[{"name":"wp","href":"https:\/\/api.w.org\/{rel}","templated":true}]}}