{"id":45657,"date":"2015-09-04T11:35:29","date_gmt":"2015-09-04T08:35:29","guid":{"rendered":"http:\/\/www.sana.sy\/tr\/?p=45657"},"modified":"2015-09-04T12:03:58","modified_gmt":"2015-09-04T09:03:58","slug":"zakharova-teroristlerin-kimyasal-silah-kullanmalari-planli-programli-bir-hal-almistir","status":"publish","type":"post","link":"https:\/\/archive.sana.sy\/tr\/?p=45657","title":{"rendered":"Zakharova: Ter\u00f6ristlerin Kimyasal Silah Kullanmalar\u0131 Planl\u0131 Programl\u0131 Bir Hal Alm\u0131\u015ft\u0131r"},"content":{"rendered":"<p>MOSKOVA \u2013 Rusya D\u0131\u015fi\u015fleri Bakanl\u0131\u011f\u0131 Resmi S\u00f6zc\u00fcs\u00fc Maria Zakharova, son zamanlarda aralar\u0131nda h\u00fck\u00fcmetlere ba\u011fl\u0131 resmi kaynaklar da bulunan bir\u00e7ok kayna\u011f\u0131n I\u015e\u0130D ve di\u011fer ter\u00f6r \u00f6rg\u00fctlerinin Suriye ve Irak topraklar\u0131nda sivil vatanda\u015flara kar\u015f\u0131 kimyasal silah kulland\u0131\u011f\u0131na dair a\u00e7\u0131klamalarda bulundu\u011funa dikkat \u00e7ekti.<\/p>\n<p>D\u00fcn Moskova\u2019da d\u00fczenledi\u011fi haftal\u0131k bas\u0131n toplant\u0131s\u0131nda bir a\u00e7\u0131klama yapan Zakharova; radikal ter\u00f6ristlerin sivillere kar\u015f\u0131 zehirli kimyasal silahlar kullanmalar\u0131n\u0131n planl\u0131 programl\u0131 bir hal ald\u0131\u011f\u0131na dikkat \u00e7ekerek ter\u00f6ristlerin kulland\u0131klar\u0131 kimyasal silahlar\u0131n y\u00fcksek bir teknoloji ile haz\u0131rlanm\u0131\u015f oldu\u011funu belirtti.<\/p>\n<p>Hat\u0131rlanaca\u011f\u0131 \u00fczere Halep k\u0131rsal\u0131nda \u00f6beklenen \u201c\u015eam Cephesi\u201d isimli ter\u00f6r \u00f6rg\u00fct\u00fc iki y\u0131l \u00f6nce yay\u0131nlad\u0131\u011f\u0131 bir video g\u00f6r\u00fcnt\u00fcs\u00fcnde T\u00fcrkiye topraklar\u0131nda yer alan bir laboratuarda fareler ve tav\u015fanlar \u00fczerinde deneyler yaparak kimyasal silah haz\u0131rlad\u0131klar\u0131 g\u00f6r\u00fclm\u00fc\u015ft\u00fc.<\/p>\n<p>S\u00f6z konusu g\u00f6r\u00fcnt\u00fclerin yay\u0131nlanmas\u0131ndan sonra Suriye, g\u00f6r\u00fcnt\u00fclerde yer alan kimyasal silahlar\u0131n ter\u00f6ristlerin eline ge\u00e7mesiyle sadece Suriye&#8217;nin de\u011fil b\u00fct\u00fcn b\u00f6lgenin ve hatta d\u00fcnya \u00fclkelerini tehdit edecek bir tehlike te\u015fkil edece\u011fini a\u00e7\u0131klam\u0131\u015ft\u0131.<\/p>\n<p>Zakharova, ter\u00f6ristlerin kimyasal silah faaliyetlerinin Irak, Suriye hatta Ortado\u011fu b\u00f6lgesi s\u0131n\u0131rlar\u0131n\u0131 a\u015ft\u0131\u011f\u0131n\u0131n alt\u0131n\u0131 \u00e7izdi.<\/p>\n<p>R.B. &#8211; R.H.<\/p>\n","protected":false},"excerpt":{"rendered":"<p>MOSKOVA \u2013 Rusya D\u0131\u015fi\u015fleri Bakanl\u0131\u011f\u0131 Resmi S\u00f6zc\u00fcs\u00fc Maria Zakharova, son zamanlarda aralar\u0131nda h\u00fck\u00fcmetlere ba\u011fl\u0131 resmi kaynaklar da bulunan bir\u00e7ok kayna\u011f\u0131n I\u015e\u0130D ve di\u011fer ter\u00f6r \u00f6rg\u00fctlerinin Suriye ve Irak topraklar\u0131nda sivil vatanda\u015flara kar\u015f\u0131 kimyasal silah kulland\u0131\u011f\u0131na dair a\u00e7\u0131klamalarda bulundu\u011funa dikkat \u00e7ekti. D\u00fcn Moskova\u2019da d\u00fczenledi\u011fi haftal\u0131k bas\u0131n toplant\u0131s\u0131nda bir a\u00e7\u0131klama yapan Zakharova; radikal ter\u00f6ristlerin sivillere kar\u015f\u0131 zehirli &hellip;<\/p>\n","protected":false},"author":1,"featured_media":45658,"comment_status":"closed","ping_status":"closed","sticky":false,"template":"","format":"standard","meta":{"footnotes":""},"categories":[458,459,447],"tags":[16546],"class_list":["post-45657","post","type-post","status-publish","format-standard","has-post-thumbnail","","category-dunya1","category-haberler-arap-uluslararasi-politika","category-politika","tag-zakharova-teroristlerin-kimyasal-silah-kullanmalari-planli-programli-bir-hal-almistir-moskova-rusya-disisleri-bakanligi-resmi-sozcusu-maria-zakharova"],"_links":{"self":[{"href":"https:\/\/archive.sana.sy\/tr\/index.php?rest_route=\/wp\/v2\/posts\/45657","targetHints":{"allow":["GET"]}}],"collection":[{"href":"https:\/\/archive.sana.sy\/tr\/index.php?rest_route=\/wp\/v2\/posts"}],"about":[{"href":"https:\/\/archive.sana.sy\/tr\/index.php?rest_route=\/wp\/v2\/types\/post"}],"author":[{"embeddable":true,"href":"https:\/\/archive.sana.sy\/tr\/index.php?rest_route=\/wp\/v2\/users\/1"}],"replies":[{"embeddable":true,"href":"https:\/\/archive.sana.sy\/tr\/index.php?rest_route=%2Fwp%2Fv2%2Fcomments&post=45657"}],"version-history":[{"count":0,"href":"https:\/\/archive.sana.sy\/tr\/index.php?rest_route=\/wp\/v2\/posts\/45657\/revisions"}],"wp:featuredmedia":[{"embeddable":true,"href":"https:\/\/archive.sana.sy\/tr\/index.php?rest_route=\/wp\/v2\/media\/45658"}],"wp:attachment":[{"href":"https:\/\/archive.sana.sy\/tr\/index.php?rest_route=%2Fwp%2Fv2%2Fmedia&parent=45657"}],"wp:term":[{"taxonomy":"category","embeddable":true,"href":"https:\/\/archive.sana.sy\/tr\/index.php?rest_route=%2Fwp%2Fv2%2Fcategories&post=45657"},{"taxonomy":"post_tag","embeddable":true,"href":"https:\/\/archive.sana.sy\/tr\/index.php?rest_route=%2Fwp%2Fv2%2Ftags&post=45657"}],"curies":[{"name":"wp","href":"https:\/\/api.w.org\/{rel}","templated":true}]}}