{"id":45663,"date":"2015-09-04T12:12:39","date_gmt":"2015-09-04T09:12:39","guid":{"rendered":"http:\/\/www.sana.sy\/tr\/?p=45663"},"modified":"2015-09-04T12:12:39","modified_gmt":"2015-09-04T09:12:39","slug":"okul-kirtasiye-malzemelerini-vatandasin-butcesine-uygun-fiyatlarda-temin-ediliyor","status":"publish","type":"post","link":"https:\/\/archive.sana.sy\/tr\/?p=45663","title":{"rendered":"Okul \u2013K\u0131rtasiye Malzemelerini Vatanda\u015f\u0131n B\u00fct\u00e7esine Uygun Fiyatlarda Temin Ediliyor"},"content":{"rendered":"<p>\u0130LLER \u2013 Vatanda\u015flar\u0131n ihtiya\u00e7lar\u0131n\u0131n kar\u015f\u0131lanmas\u0131 amac\u0131yla stoklama ve t\u00fcketim kurumlar\u0131 Lazkiye, Homs ve Kunaytra\u2019da ve di\u011fer illerde bulunan t\u00fcketim ma\u011fazalar\u0131nda normal piyasa fiyatlar\u0131n\u0131n alt\u0131nda pazarlanmak \u00fczere b\u00fcy\u00fck miktarda okul k\u0131yafetleri ve k\u0131rtasiye malzemesi indirdi.<\/p>\n<p>Lazkiye\u2019de bir T\u00fcketim Kompleksinin a\u00e7\u0131l\u0131\u015f\u0131na kat\u0131lan Vali \u0130brahim H\u0131d\u0131r el Salim, SANA muhabirine yapt\u0131\u011f\u0131 a\u00e7\u0131klamada e\u011fitim-\u00f6\u011fretim d\u00f6neminin ba\u015flamas\u0131ndan \u00f6nce b\u00fct\u00fcn \u00f6\u011frencilerin ihtiya\u00e7lar\u0131n\u0131n b\u00fct\u00e7elerine uygun fiyatlarla temin edilmesinin hedeflendi\u011fini dile getirerek bu alanda Pozitif M\u00fcdahale Kurumlar\u0131n\u0131n b\u00fcy\u00fck bir katk\u0131s\u0131 bulundu\u011funu belirtti.<\/p>\n<p>\u00d6te yandan Lazkiye T\u00fcketim Kurumu M\u00fcd\u00fcr\u00fc Adnan \u0130smail, kuruma ba\u011fl\u0131 t\u00fcketim ma\u011fazalar\u0131nda okul k\u0131yafetleri b\u00f6l\u00fcm\u00fc a\u00e7\u0131lmas\u0131n\u0131n t\u00fcccarlar\u0131n tekelini k\u0131rmay\u0131 ama\u00e7lad\u0131\u011f\u0131na i\u015faret ederek t\u00fcketim ma\u011fazalar\u0131nda pazarlanan b\u00fct\u00fcn malzemelerin fiyatlar\u0131n\u0131n piyasa fiyat\u0131ndan %20 , %30 oran\u0131nda daha d\u00fc\u015f\u00fck oldu\u011funu ibraz etti.<\/p>\n<p>F.B. &#8211; R.H.<\/p>\n","protected":false},"excerpt":{"rendered":"<p>\u0130LLER \u2013 Vatanda\u015flar\u0131n ihtiya\u00e7lar\u0131n\u0131n kar\u015f\u0131lanmas\u0131 amac\u0131yla stoklama ve t\u00fcketim kurumlar\u0131 Lazkiye, Homs ve Kunaytra\u2019da ve di\u011fer illerde bulunan t\u00fcketim ma\u011fazalar\u0131nda normal piyasa fiyatlar\u0131n\u0131n alt\u0131nda pazarlanmak \u00fczere b\u00fcy\u00fck miktarda okul k\u0131yafetleri ve k\u0131rtasiye malzemesi indirdi. Lazkiye\u2019de bir T\u00fcketim Kompleksinin a\u00e7\u0131l\u0131\u015f\u0131na kat\u0131lan Vali \u0130brahim H\u0131d\u0131r el Salim, SANA muhabirine yapt\u0131\u011f\u0131 a\u00e7\u0131klamada e\u011fitim-\u00f6\u011fretim d\u00f6neminin ba\u015flamas\u0131ndan \u00f6nce b\u00fct\u00fcn \u00f6\u011frencilerin &hellip;<\/p>\n","protected":false},"author":1,"featured_media":45664,"comment_status":"closed","ping_status":"closed","sticky":false,"template":"","format":"standard","meta":{"footnotes":""},"categories":[1],"tags":[16550,16549],"class_list":["post-45663","post","type-post","status-publish","format-standard","has-post-thumbnail","","category-news-not-sorted","tag-homs-ve-kunaytrada-ve-diger-illerde-bulunan-tuketim-magazalarinda-normal-piyasa-fiyatlarinin-altinda-pazarlanmak-uzere-buyuk-miktarda-okul-kiyafetleri-ve-kirtasiye-malzemesi-indirdi","tag-okul-kirtasiye-malzemelerini-vatandasin-butcesine-uygun-fiyatlarda-temin-ediliyor-iller-vatandaslarin-ihtiyaclarinin-karsilanmasi-amaciyla-stoklama-ve-tuketim-kurumlari-lazkiye"],"_links":{"self":[{"href":"https:\/\/archive.sana.sy\/tr\/index.php?rest_route=\/wp\/v2\/posts\/45663","targetHints":{"allow":["GET"]}}],"collection":[{"href":"https:\/\/archive.sana.sy\/tr\/index.php?rest_route=\/wp\/v2\/posts"}],"about":[{"href":"https:\/\/archive.sana.sy\/tr\/index.php?rest_route=\/wp\/v2\/types\/post"}],"author":[{"embeddable":true,"href":"https:\/\/archive.sana.sy\/tr\/index.php?rest_route=\/wp\/v2\/users\/1"}],"replies":[{"embeddable":true,"href":"https:\/\/archive.sana.sy\/tr\/index.php?rest_route=%2Fwp%2Fv2%2Fcomments&post=45663"}],"version-history":[{"count":0,"href":"https:\/\/archive.sana.sy\/tr\/index.php?rest_route=\/wp\/v2\/posts\/45663\/revisions"}],"wp:featuredmedia":[{"embeddable":true,"href":"https:\/\/archive.sana.sy\/tr\/index.php?rest_route=\/wp\/v2\/media\/45664"}],"wp:attachment":[{"href":"https:\/\/archive.sana.sy\/tr\/index.php?rest_route=%2Fwp%2Fv2%2Fmedia&parent=45663"}],"wp:term":[{"taxonomy":"category","embeddable":true,"href":"https:\/\/archive.sana.sy\/tr\/index.php?rest_route=%2Fwp%2Fv2%2Fcategories&post=45663"},{"taxonomy":"post_tag","embeddable":true,"href":"https:\/\/archive.sana.sy\/tr\/index.php?rest_route=%2Fwp%2Fv2%2Ftags&post=45663"}],"curies":[{"name":"wp","href":"https:\/\/api.w.org\/{rel}","templated":true}]}}