{"id":45708,"date":"2015-09-04T16:35:14","date_gmt":"2015-09-04T13:35:14","guid":{"rendered":"http:\/\/sana.sy\/tr\/?p=45708"},"modified":"2015-09-04T16:35:14","modified_gmt":"2015-09-04T13:35:14","slug":"tum-dogu-antik-kentlerinde-esi-benzeri-olmayan-kule-mezarlari-yerle-bir-ettiler","status":"publish","type":"post","link":"https:\/\/archive.sana.sy\/tr\/?p=45708","title":{"rendered":"T\u00fcm Do\u011fu Antik Kentlerinde E\u015fi Benzeri Olmayan Kule Mezarlar\u0131 Yerle Bir Ettiler"},"content":{"rendered":"<p>\u015eAM \u2013 I\u015e\u0130D tekfircileri Homs k\u0131rsal\u0131n\u0131n do\u011fusu Antik Palmira Kentinde Palmira kule mezarlar\u0131na b\u00fcy\u00fck miktarda patlay\u0131c\u0131 yerle\u015ftirerek yerle bir etmesiyle medeniyet ve insani mirasa kar\u015f\u0131 vah\u015fetini s\u00fcrd\u00fcrd\u00fc.<\/p>\n<p><a href=\"http:\/\/sana.sy\/tr\/wp-content\/uploads\/2015\/09\/tedmur-1.jpg\"><img loading=\"lazy\" decoding=\"async\" class=\"alignright wp-image-45711 size-medium\" src=\"http:\/\/sana.sy\/tr\/wp-content\/uploads\/2015\/09\/tedmur-1-225x300.jpg\" alt=\"tedmur 1\" width=\"225\" height=\"300\" srcset=\"https:\/\/archive.sana.sy\/tr\/wp-content\/uploads\/2015\/09\/tedmur-1-225x300.jpg 225w, https:\/\/archive.sana.sy\/tr\/wp-content\/uploads\/2015\/09\/tedmur-1-113x150.jpg 113w, https:\/\/archive.sana.sy\/tr\/wp-content\/uploads\/2015\/09\/tedmur-1-768x1024.jpg 768w, https:\/\/archive.sana.sy\/tr\/wp-content\/uploads\/2015\/09\/tedmur-1.jpg 960w\" sizes=\"auto, (max-width: 225px) 100vw, 225px\" \/><\/a>M\u00fcze ve Tarihi Eser Genel M\u00fcd\u00fcr\u00fc Mamun Abd\u00fclkerim SANA\u2019ya yapt\u0131\u011f\u0131 a\u00e7\u0131klamada; Antik Palmira Kentinin do\u011fusuna d\u00fc\u015fen Tedmur Kentinden yerel kaynaklar\u0131n, \u2018I\u015e\u0130D ter\u00f6ristlerinin kule mezarlar\u0131 yakla\u015f\u0131k 15 g\u00fcn \u00f6nce yerle bir ettiklerini\u2019 bildirdiklerini s\u00f6yledi. Abd\u00fclkerim m\u00fcd\u00fcrl\u00fc\u011f\u00fcn bug\u00fcn ABD\u2019de Boston \u00dcniversitesine tabi Ma\u015fr\u0131k Ara\u015ft\u0131rmalar Enstit\u00fcs\u00fcn\u00fcn yay\u0131nlad\u0131\u011f\u0131 uydu g\u00f6r\u00fcnt\u00fclerinden bu haberlerin do\u011frulu\u011fundan emin oldu\u011funu ifade ederken; t\u00fcm do\u011fu antik kentlerinde e\u015fi benzeri bulunmayan bu kule mezarlar\u0131n yerle bir edildi\u011finden emin oldu\u011funu vurgulad\u0131.<\/p>\n<p>Antik Palmira Kenti surlar\u0131n\u0131n haricinde d\u00fc\u015fen bu kule mezarlar\u0131n MS 44 y\u0131l\u0131nda in\u015fa edilen Kiton Mezar\u0131, MS 83 y\u0131l\u0131nda in\u015fa edilen Camlik Mezar\u0131 ve MS 103 y\u0131l\u0131nda d\u00f6rt katl\u0131 olarak in\u015fa edilen \u0130lah Bel Mezar\u0131n\u0131n yan\u0131 s\u0131ra kimli\u011fi bilinmeyen d\u00f6rd\u00fcnc\u00fc bir mezardan ibaret olduklar\u0131n\u0131 belirten Abd\u00fclkerim; I\u015e\u0130D\u2019in bu mezarlar\u0131 Bal\u015famin ve Bel tap\u0131naklar\u0131n\u0131 havaya u\u00e7urmas\u0131ndan \u00f6nce imha etti\u011fini ifade ederken, b\u00f6lgeyle ileti\u015fimin kesilmi\u015f olmas\u0131 nedeniyle net bilgilerin elde edilmedi\u011fine i\u015faret etti.<\/p>\n<div id='gallery-1' class='gallery galleryid-45708 gallery-columns-2 gallery-size-medium'><figure class='gallery-item'>\n\t\t\t<div class='gallery-icon portrait'>\n\t\t\t\t<a href='https:\/\/archive.sana.sy\/tr\/wp-content\/uploads\/2015\/09\/tedmur-3.jpg'><img loading=\"lazy\" decoding=\"async\" width=\"225\" height=\"300\" src=\"https:\/\/archive.sana.sy\/tr\/wp-content\/uploads\/2015\/09\/tedmur-3-225x300.jpg\" class=\"attachment-medium size-medium\" alt=\"\" srcset=\"https:\/\/archive.sana.sy\/tr\/wp-content\/uploads\/2015\/09\/tedmur-3-225x300.jpg 225w, https:\/\/archive.sana.sy\/tr\/wp-content\/uploads\/2015\/09\/tedmur-3-113x150.jpg 113w, https:\/\/archive.sana.sy\/tr\/wp-content\/uploads\/2015\/09\/tedmur-3-768x1024.jpg 768w, https:\/\/archive.sana.sy\/tr\/wp-content\/uploads\/2015\/09\/tedmur-3.jpg 960w\" sizes=\"auto, (max-width: 225px) 100vw, 225px\" \/><\/a>\n\t\t\t<\/div><\/figure><figure class='gallery-item'>\n\t\t\t<div class='gallery-icon portrait'>\n\t\t\t\t<a href='https:\/\/archive.sana.sy\/tr\/wp-content\/uploads\/2015\/09\/tedmur-2.jpg'><img loading=\"lazy\" decoding=\"async\" width=\"225\" height=\"300\" src=\"https:\/\/archive.sana.sy\/tr\/wp-content\/uploads\/2015\/09\/tedmur-2-225x300.jpg\" class=\"attachment-medium size-medium\" alt=\"\" srcset=\"https:\/\/archive.sana.sy\/tr\/wp-content\/uploads\/2015\/09\/tedmur-2-225x300.jpg 225w, https:\/\/archive.sana.sy\/tr\/wp-content\/uploads\/2015\/09\/tedmur-2-113x150.jpg 113w, https:\/\/archive.sana.sy\/tr\/wp-content\/uploads\/2015\/09\/tedmur-2-768x1024.jpg 768w, https:\/\/archive.sana.sy\/tr\/wp-content\/uploads\/2015\/09\/tedmur-2.jpg 960w\" sizes=\"auto, (max-width: 225px) 100vw, 225px\" \/><\/a>\n\t\t\t<\/div><\/figure>\n\t\t<\/div>\n\n","protected":false},"excerpt":{"rendered":"<p>\u015eAM \u2013 I\u015e\u0130D tekfircileri Homs k\u0131rsal\u0131n\u0131n do\u011fusu Antik Palmira Kentinde Palmira kule mezarlar\u0131na b\u00fcy\u00fck miktarda patlay\u0131c\u0131 yerle\u015ftirerek yerle bir etmesiyle medeniyet ve insani mirasa kar\u015f\u0131 vah\u015fetini s\u00fcrd\u00fcrd\u00fc. M\u00fcze ve Tarihi Eser Genel M\u00fcd\u00fcr\u00fc Mamun Abd\u00fclkerim SANA\u2019ya yapt\u0131\u011f\u0131 a\u00e7\u0131klamada; Antik Palmira Kentinin do\u011fusuna d\u00fc\u015fen Tedmur Kentinden yerel kaynaklar\u0131n, \u2018I\u015e\u0130D ter\u00f6ristlerinin kule mezarlar\u0131 yakla\u015f\u0131k 15 g\u00fcn \u00f6nce &hellip;<\/p>\n","protected":false},"author":1,"featured_media":45710,"comment_status":"closed","ping_status":"closed","sticky":false,"template":"","format":"standard","meta":{"footnotes":""},"categories":[596,516,479,511,575,478],"tags":[16559],"class_list":["post-45708","post","type-post","status-publish","format-standard","has-post-thumbnail","","category-fotografli-raporlar","category-haberler-kultur-ve-sanat","category-haberler-yerel","category-kultur-ve-sanat","category-olaylar-ve-gercekler","category-yerel","tag-tum-dogu-antik-kentlerinde-esi-benzeri-olmayan-kule-mezarlari-yerle-bir-ettiler"],"_links":{"self":[{"href":"https:\/\/archive.sana.sy\/tr\/index.php?rest_route=\/wp\/v2\/posts\/45708","targetHints":{"allow":["GET"]}}],"collection":[{"href":"https:\/\/archive.sana.sy\/tr\/index.php?rest_route=\/wp\/v2\/posts"}],"about":[{"href":"https:\/\/archive.sana.sy\/tr\/index.php?rest_route=\/wp\/v2\/types\/post"}],"author":[{"embeddable":true,"href":"https:\/\/archive.sana.sy\/tr\/index.php?rest_route=\/wp\/v2\/users\/1"}],"replies":[{"embeddable":true,"href":"https:\/\/archive.sana.sy\/tr\/index.php?rest_route=%2Fwp%2Fv2%2Fcomments&post=45708"}],"version-history":[{"count":0,"href":"https:\/\/archive.sana.sy\/tr\/index.php?rest_route=\/wp\/v2\/posts\/45708\/revisions"}],"wp:featuredmedia":[{"embeddable":true,"href":"https:\/\/archive.sana.sy\/tr\/index.php?rest_route=\/wp\/v2\/media\/45710"}],"wp:attachment":[{"href":"https:\/\/archive.sana.sy\/tr\/index.php?rest_route=%2Fwp%2Fv2%2Fmedia&parent=45708"}],"wp:term":[{"taxonomy":"category","embeddable":true,"href":"https:\/\/archive.sana.sy\/tr\/index.php?rest_route=%2Fwp%2Fv2%2Fcategories&post=45708"},{"taxonomy":"post_tag","embeddable":true,"href":"https:\/\/archive.sana.sy\/tr\/index.php?rest_route=%2Fwp%2Fv2%2Ftags&post=45708"}],"curies":[{"name":"wp","href":"https:\/\/api.w.org\/{rel}","templated":true}]}}