{"id":45728,"date":"2015-09-04T19:17:43","date_gmt":"2015-09-04T16:17:43","guid":{"rendered":"http:\/\/sana.sy\/tr\/?p=45728"},"modified":"2015-09-04T19:17:43","modified_gmt":"2015-09-04T16:17:43","slug":"suveyda-emniyet-mudurlugunde-bir-bir-kaynak-suveyda-kentinde-meydana-gelen-iki-bombali-teror-eyleminde-8-kisinin-sehit-22-kisinin-de-yarali-dustuklerini-belirtti%e2%80%8f","status":"publish","type":"post","link":"https:\/\/archive.sana.sy\/tr\/?p=45728","title":{"rendered":"S\u00fcveyda Emniyet M\u00fcd\u00fcrl\u00fc\u011f\u00fcnde bir bir kaynak S\u00fcveyda Kentinde meydana gelen iki bombal\u0131 ter\u00f6r eyleminde 8 ki\u015finin \u015fehit, 22 ki\u015finin de yaral\u0131 d\u00fc\u015ft\u00fcklerini belirtti\u200f"},"content":{"rendered":"<div class=\"KL\">\n<div class=\"PD IF\">\n<div id=\":n7.co\" class=\"JL\">\n<div id=\":nd.ma\" class=\"Mu SP\">\n<div id=\":nd.co\" class=\"tL8wMe xAWnQc\" dir=\"ltr\"><span dir=\"ltr\">S\u00fcveyda Emniyet M\u00fcd\u00fcrl\u00fc\u011f\u00fcnde bir bir kaynak S\u00fcveyda Kentinde meydana gelen iki bombal\u0131 ter\u00f6r eyleminde 8 ki\u015finin \u015fehit, 22 ki\u015finin de yaral\u0131 d\u00fc\u015ft\u00fcklerini belirtti<\/span>\u200f<\/div>\n<\/div>\n<\/div>\n<\/div>\n<\/div>\n<p>&nbsp;<\/p>\n","protected":false},"excerpt":{"rendered":"<p>S\u00fcveyda Emniyet M\u00fcd\u00fcrl\u00fc\u011f\u00fcnde bir bir kaynak S\u00fcveyda Kentinde meydana gelen iki bombal\u0131 ter\u00f6r eyleminde 8 ki\u015finin \u015fehit, 22 ki\u015finin de yaral\u0131 d\u00fc\u015ft\u00fcklerini belirtti\u200f &nbsp;<\/p>\n","protected":false},"author":1,"featured_media":0,"comment_status":"closed","ping_status":"closed","sticky":false,"template":"","format":"standard","meta":{"footnotes":""},"categories":[1],"tags":[16563,16562],"class_list":["post-45728","post","type-post","status-publish","format-standard","","category-news-not-sorted","tag-22-kisinin-de-yarali-dustuklerini-belirtti","tag-suveyda-emniyet-mudurlugunde-bir-bir-kaynak-suveyda-kentinde-meydana-gelen-iki-bombali-teror-eyleminde-8-kisinin-sehit"],"_links":{"self":[{"href":"https:\/\/archive.sana.sy\/tr\/index.php?rest_route=\/wp\/v2\/posts\/45728","targetHints":{"allow":["GET"]}}],"collection":[{"href":"https:\/\/archive.sana.sy\/tr\/index.php?rest_route=\/wp\/v2\/posts"}],"about":[{"href":"https:\/\/archive.sana.sy\/tr\/index.php?rest_route=\/wp\/v2\/types\/post"}],"author":[{"embeddable":true,"href":"https:\/\/archive.sana.sy\/tr\/index.php?rest_route=\/wp\/v2\/users\/1"}],"replies":[{"embeddable":true,"href":"https:\/\/archive.sana.sy\/tr\/index.php?rest_route=%2Fwp%2Fv2%2Fcomments&post=45728"}],"version-history":[{"count":0,"href":"https:\/\/archive.sana.sy\/tr\/index.php?rest_route=\/wp\/v2\/posts\/45728\/revisions"}],"wp:attachment":[{"href":"https:\/\/archive.sana.sy\/tr\/index.php?rest_route=%2Fwp%2Fv2%2Fmedia&parent=45728"}],"wp:term":[{"taxonomy":"category","embeddable":true,"href":"https:\/\/archive.sana.sy\/tr\/index.php?rest_route=%2Fwp%2Fv2%2Fcategories&post=45728"},{"taxonomy":"post_tag","embeddable":true,"href":"https:\/\/archive.sana.sy\/tr\/index.php?rest_route=%2Fwp%2Fv2%2Ftags&post=45728"}],"curies":[{"name":"wp","href":"https:\/\/api.w.org\/{rel}","templated":true}]}}