{"id":4573,"date":"2014-07-04T14:09:36","date_gmt":"2014-07-04T11:09:36","guid":{"rendered":"http:\/\/www.sana.sy\/tr\/?p=4573"},"modified":"2014-07-04T14:09:36","modified_gmt":"2014-07-04T11:09:36","slug":"kimyasal-silah-dosyasi-2-aya-kadar-kapanabilir","status":"publish","type":"post","link":"https:\/\/archive.sana.sy\/tr\/?p=4573","title":{"rendered":"Kimyasal Silah Dosyas\u0131 2 Aya Kadar Kapanabilir"},"content":{"rendered":"<p>BEYRUT \u2013 Uluslar aras\u0131 Kimyasal Silahlar\u0131 Yasaklama \u00d6rg\u00fct\u00fc ve Birle\u015fmi\u015f Milletler ortak komisyonu ba\u015fkan\u0131 Sigrid Kaag; Suriye&#8217;deki kimyasal silahlar dosyas\u0131n\u0131n g\u00fcn\u00fcm\u00fczden itibaren iki aya kadar bir s\u00fcre i\u00e7inde tamamen kapanaca\u011f\u0131 tahminlerinde bulundu.<\/p>\n<p>\u015eam\u2019daki ikametgah\u0131ndan L\u00fcbnanl\u0131 el Sefir Gazetesi ile yapt\u0131\u011f\u0131 ve gazetenin bug\u00fcn yay\u0131nlad\u0131\u011f\u0131 r\u00f6portaj\u0131nda Kaag; Suriye&#8217;deki kimyasal maddelerin tahliyesinde benzeri g\u00f6r\u00fclmemi\u015f meydan okumalar\u0131 i\u00e7inde sa\u011flanan ba\u015far\u0131n\u0131n belirlenen s\u00fcre i\u00e7inde tamamlanm\u0131\u015f e\u015fsiz bir ba\u015far\u0131 oldu\u011funu s\u00f6yledi. Kaag bu ba\u011flamda ortak komisyonun \u00e7abalar\u0131, Suriye h\u00fck\u00fcmetinin i\u015fbirli\u011fi, ilgili taraflar\u0131n ve \u00f6rg\u00fctte \u00fcye devletlerin deste\u011finin takdire \u015fayan oldu\u011funa i\u015faret etti.<\/p>\n<p>Kaag komisyonun \u015eam\u2019daki varl\u0131\u011f\u0131n\u0131 daraltaca\u011f\u0131na i\u015faret ederken, Suriye&#8217;de geriye kalan kimyasal silahlar\u0131n tahliye edilmesi ve tefti\u015f icraatlar\u0131 konusunda Suriye h\u00fck\u00fcmeti ile daha genel bir teknikle \u00e7al\u0131\u015f\u0131laca\u011f\u0131n\u0131 s\u00f6yledi.<\/p>\n<p>Suriye&#8217;nin \u00fcst\u00fcne d\u00fc\u015fen sorumlulu\u011fu yerine getirme ve belirlenen s\u00fcrede gecikmenin olmas\u0131 konusunda ortaya koyulan iddialar konusunda Kaag; Suriye&#8217;de bulunan kimyasal maddelerin tamam\u0131n\u0131n 30 Hazirana dek yurtd\u0131\u015f\u0131na \u00e7\u0131kar\u0131ld\u0131\u011f\u0131 konusunda geni\u015f bir kabul\u00fcn oldu\u011funa dikkat \u00e7ekti. Kaag a\u00e7\u0131klanan program\u0131n bu tarihten \u00f6nce b\u00fcy\u00fck bir b\u00f6l\u00fcm\u00fcn\u00fcn tefti\u015f edilip tesislerin yok edildi\u011fini belirtti.<\/p>\n<p>Komisyon g\u00f6revinin Suriye&#8217;ye ili\u015fkin politikalarda kullan\u0131lmas\u0131 konusunda ise Kaag; komisyonun \u00e7al\u0131\u015fmalar\u0131n\u0131 politikadan uzak bir \u015fekilde s\u00fcrd\u00fcrd\u00fc\u011f\u00fcn\u00fc belirterek, politik olarak kullan\u0131lmas\u0131n\u0131n ise sadece Suriye ile ilgili olmas\u0131ndan kaynakland\u0131\u011f\u0131n\u0131 ifade etti.<\/p>\n","protected":false},"excerpt":{"rendered":"<p>BEYRUT \u2013 Uluslar aras\u0131 Kimyasal Silahlar\u0131 Yasaklama \u00d6rg\u00fct\u00fc ve Birle\u015fmi\u015f Milletler ortak komisyonu ba\u015fkan\u0131 Sigrid Kaag; Suriye&#8217;deki kimyasal silahlar dosyas\u0131n\u0131n g\u00fcn\u00fcm\u00fczden itibaren iki aya kadar bir s\u00fcre i\u00e7inde tamamen kapanaca\u011f\u0131 tahminlerinde bulundu. \u015eam\u2019daki ikametgah\u0131ndan L\u00fcbnanl\u0131 el Sefir Gazetesi ile yapt\u0131\u011f\u0131 ve gazetenin bug\u00fcn yay\u0131nlad\u0131\u011f\u0131 r\u00f6portaj\u0131nda Kaag; Suriye&#8217;deki kimyasal maddelerin tahliyesinde benzeri g\u00f6r\u00fclmemi\u015f meydan okumalar\u0131 i\u00e7inde &hellip;<\/p>\n","protected":false},"author":1,"featured_media":4574,"comment_status":"closed","ping_status":"closed","sticky":false,"template":"","format":"standard","meta":{"footnotes":""},"categories":[458,459,447],"tags":[998],"class_list":["post-4573","post","type-post","status-publish","format-standard","has-post-thumbnail","","category-dunya1","category-haberler-arap-uluslararasi-politika","category-politika","tag-kimyasal-silah-dosyasi-2-aya-kadar-kapanabilir"],"_links":{"self":[{"href":"https:\/\/archive.sana.sy\/tr\/index.php?rest_route=\/wp\/v2\/posts\/4573","targetHints":{"allow":["GET"]}}],"collection":[{"href":"https:\/\/archive.sana.sy\/tr\/index.php?rest_route=\/wp\/v2\/posts"}],"about":[{"href":"https:\/\/archive.sana.sy\/tr\/index.php?rest_route=\/wp\/v2\/types\/post"}],"author":[{"embeddable":true,"href":"https:\/\/archive.sana.sy\/tr\/index.php?rest_route=\/wp\/v2\/users\/1"}],"replies":[{"embeddable":true,"href":"https:\/\/archive.sana.sy\/tr\/index.php?rest_route=%2Fwp%2Fv2%2Fcomments&post=4573"}],"version-history":[{"count":0,"href":"https:\/\/archive.sana.sy\/tr\/index.php?rest_route=\/wp\/v2\/posts\/4573\/revisions"}],"wp:featuredmedia":[{"embeddable":true,"href":"https:\/\/archive.sana.sy\/tr\/index.php?rest_route=\/wp\/v2\/media\/4574"}],"wp:attachment":[{"href":"https:\/\/archive.sana.sy\/tr\/index.php?rest_route=%2Fwp%2Fv2%2Fmedia&parent=4573"}],"wp:term":[{"taxonomy":"category","embeddable":true,"href":"https:\/\/archive.sana.sy\/tr\/index.php?rest_route=%2Fwp%2Fv2%2Fcategories&post=4573"},{"taxonomy":"post_tag","embeddable":true,"href":"https:\/\/archive.sana.sy\/tr\/index.php?rest_route=%2Fwp%2Fv2%2Ftags&post=4573"}],"curies":[{"name":"wp","href":"https:\/\/api.w.org\/{rel}","templated":true}]}}