{"id":45757,"date":"2015-09-05T12:18:45","date_gmt":"2015-09-05T09:18:45","guid":{"rendered":"http:\/\/www.sana.sy\/tr\/?p=45757"},"modified":"2015-09-05T12:32:20","modified_gmt":"2015-09-05T09:32:20","slug":"kucuk-alan-abisi-ve-annesinin-cenazeleri-yuzlerce-vatandasin-katilimiyla-defnedildi","status":"publish","type":"post","link":"https:\/\/archive.sana.sy\/tr\/?p=45757","title":{"rendered":"K\u00fc\u00e7\u00fck Alan Abisi ve Annesinin Cenazeleri Y\u00fczlerce Vatanda\u015f\u0131n Kat\u0131l\u0131m\u0131yla Defnedildi"},"content":{"rendered":"<p>HALEP \u2013 Halep k\u0131rsal\u0131n\u0131n kuzeyi Ayn el Arap Kentinden sivil kaynaklar, ge\u00e7ti\u011fimiz g\u00fcnlerde ter\u00f6r nedeniyle Avrupa \u00fclkelerine ka\u00e7maya \u00e7al\u0131\u015f\u0131rken cans\u0131z bedenleri T\u00fcrkiye k\u0131y\u0131lar\u0131na s\u00fcr\u00fcklenen 3 ya\u015f\u0131ndaki Alan \u015eenu, abisi ve annesinin cenazelerinin y\u00fczlerce ki\u015finin kat\u0131ld\u0131\u011f\u0131 bir cenaze t\u00f6reniyle kentte topra\u011fa verildi\u011fini belirtti.<\/p>\n<p>T\u00fcrkiye&#8217;deki rejim ba\u015fta olmak \u00fczere kimi d\u0131\u015f g\u00fc\u00e7lerin destek ve komutas\u0131yla faaliyet g\u00f6steren ter\u00f6r gruplar\u0131n\u0131n deh\u015fet ve ter\u00f6rlerinden canlar\u0131n\u0131 kurtarmak amac\u0131yla Avrupa\u2019ya ka\u00e7mak isteyen \u015eenu ailesinin T\u00fcrkiye\u2019nin Bodrum \u015fehri sahilinden bindikleri deniz botunun devrilmesi sonucu ailenin en k\u00fc\u00e7\u00fck \u00e7ocu\u011fu Alan, abisi ve annesi hayat\u0131n\u0131 kaybetmi\u015flerdi.<\/p>\n<p>F.B.<\/p>\n","protected":false},"excerpt":{"rendered":"<p>HALEP \u2013 Halep k\u0131rsal\u0131n\u0131n kuzeyi Ayn el Arap Kentinden sivil kaynaklar, ge\u00e7ti\u011fimiz g\u00fcnlerde ter\u00f6r nedeniyle Avrupa \u00fclkelerine ka\u00e7maya \u00e7al\u0131\u015f\u0131rken cans\u0131z bedenleri T\u00fcrkiye k\u0131y\u0131lar\u0131na s\u00fcr\u00fcklenen 3 ya\u015f\u0131ndaki Alan \u015eenu, abisi ve annesinin cenazelerinin y\u00fczlerce ki\u015finin kat\u0131ld\u0131\u011f\u0131 bir cenaze t\u00f6reniyle kentte topra\u011fa verildi\u011fini belirtti. T\u00fcrkiye&#8217;deki rejim ba\u015fta olmak \u00fczere kimi d\u0131\u015f g\u00fc\u00e7lerin destek ve komutas\u0131yla faaliyet g\u00f6steren &hellip;<\/p>\n","protected":false},"author":1,"featured_media":45758,"comment_status":"closed","ping_status":"closed","sticky":false,"template":"","format":"standard","meta":{"footnotes":""},"categories":[479,575,447,2554,2555,478],"tags":[16568],"class_list":["post-45757","post","type-post","status-publish","format-standard","has-post-thumbnail","","category-haberler-yerel","category-olaylar-ve-gercekler","category-politika","category-suriye-ve-dunya","category-suriye-ve-turkiye","category-yerel","tag-kucuk-alan-abisi-ve-annesinin-cenazeleri-yuzlerce-vatandasin-katilimiyla-defnedildi"],"_links":{"self":[{"href":"https:\/\/archive.sana.sy\/tr\/index.php?rest_route=\/wp\/v2\/posts\/45757","targetHints":{"allow":["GET"]}}],"collection":[{"href":"https:\/\/archive.sana.sy\/tr\/index.php?rest_route=\/wp\/v2\/posts"}],"about":[{"href":"https:\/\/archive.sana.sy\/tr\/index.php?rest_route=\/wp\/v2\/types\/post"}],"author":[{"embeddable":true,"href":"https:\/\/archive.sana.sy\/tr\/index.php?rest_route=\/wp\/v2\/users\/1"}],"replies":[{"embeddable":true,"href":"https:\/\/archive.sana.sy\/tr\/index.php?rest_route=%2Fwp%2Fv2%2Fcomments&post=45757"}],"version-history":[{"count":0,"href":"https:\/\/archive.sana.sy\/tr\/index.php?rest_route=\/wp\/v2\/posts\/45757\/revisions"}],"wp:featuredmedia":[{"embeddable":true,"href":"https:\/\/archive.sana.sy\/tr\/index.php?rest_route=\/wp\/v2\/media\/45758"}],"wp:attachment":[{"href":"https:\/\/archive.sana.sy\/tr\/index.php?rest_route=%2Fwp%2Fv2%2Fmedia&parent=45757"}],"wp:term":[{"taxonomy":"category","embeddable":true,"href":"https:\/\/archive.sana.sy\/tr\/index.php?rest_route=%2Fwp%2Fv2%2Fcategories&post=45757"},{"taxonomy":"post_tag","embeddable":true,"href":"https:\/\/archive.sana.sy\/tr\/index.php?rest_route=%2Fwp%2Fv2%2Ftags&post=45757"}],"curies":[{"name":"wp","href":"https:\/\/api.w.org\/{rel}","templated":true}]}}