{"id":4576,"date":"2014-07-03T14:24:01","date_gmt":"2014-07-03T11:24:01","guid":{"rendered":"http:\/\/www.sana.sy\/tr\/?p=4576"},"modified":"2014-07-04T14:25:54","modified_gmt":"2014-07-04T11:25:54","slug":"teslim-olan-63-kisi-serbest-birakildi","status":"publish","type":"post","link":"https:\/\/archive.sana.sy\/tr\/?p=4576","title":{"rendered":"Teslim Olan 63 Ki\u015fi Serbest B\u0131rak\u0131ld\u0131"},"content":{"rendered":"<p>\u015eAM \u2013 Adalet Bakanl\u0131\u011f\u0131 bug\u00fcn; \u015eam ve k\u0131rsal\u0131n\u0131n yan\u0131 s\u0131ra Halep, Kunaytra ve \u0130dlib illerinde silahlar\u0131yla birlikte teslim olan 63 ki\u015finin serbest b\u0131rak\u0131ld\u0131klar\u0131n\u0131 ilan etti.<\/p>\n<p>Bakanl\u0131k a\u00e7\u0131klamas\u0131nda; teslim olanlar\u0131n serbest b\u0131rak\u0131lmalar\u0131ndan \u00f6nce yeniden silahl\u0131 eylemlere kat\u0131lmama taahh\u00fcd\u00fc imzalad\u0131klar\u0131n\u0131 belirtti.<\/p>\n","protected":false},"excerpt":{"rendered":"<p>\u015eAM \u2013 Adalet Bakanl\u0131\u011f\u0131 bug\u00fcn; \u015eam ve k\u0131rsal\u0131n\u0131n yan\u0131 s\u0131ra Halep, Kunaytra ve \u0130dlib illerinde silahlar\u0131yla birlikte teslim olan 63 ki\u015finin serbest b\u0131rak\u0131ld\u0131klar\u0131n\u0131 ilan etti. Bakanl\u0131k a\u00e7\u0131klamas\u0131nda; teslim olanlar\u0131n serbest b\u0131rak\u0131lmalar\u0131ndan \u00f6nce yeniden silahl\u0131 eylemlere kat\u0131lmama taahh\u00fcd\u00fc imzalad\u0131klar\u0131n\u0131 belirtti.<\/p>\n","protected":false},"author":1,"featured_media":4577,"comment_status":"closed","ping_status":"closed","sticky":false,"template":"","format":"standard","meta":{"footnotes":""},"categories":[479,575,478],"tags":[999],"class_list":["post-4576","post","type-post","status-publish","format-standard","has-post-thumbnail","","category-haberler-yerel","category-olaylar-ve-gercekler","category-yerel","tag-teslim-olan-63-kisi-serbest-birakildi"],"_links":{"self":[{"href":"https:\/\/archive.sana.sy\/tr\/index.php?rest_route=\/wp\/v2\/posts\/4576","targetHints":{"allow":["GET"]}}],"collection":[{"href":"https:\/\/archive.sana.sy\/tr\/index.php?rest_route=\/wp\/v2\/posts"}],"about":[{"href":"https:\/\/archive.sana.sy\/tr\/index.php?rest_route=\/wp\/v2\/types\/post"}],"author":[{"embeddable":true,"href":"https:\/\/archive.sana.sy\/tr\/index.php?rest_route=\/wp\/v2\/users\/1"}],"replies":[{"embeddable":true,"href":"https:\/\/archive.sana.sy\/tr\/index.php?rest_route=%2Fwp%2Fv2%2Fcomments&post=4576"}],"version-history":[{"count":0,"href":"https:\/\/archive.sana.sy\/tr\/index.php?rest_route=\/wp\/v2\/posts\/4576\/revisions"}],"wp:featuredmedia":[{"embeddable":true,"href":"https:\/\/archive.sana.sy\/tr\/index.php?rest_route=\/wp\/v2\/media\/4577"}],"wp:attachment":[{"href":"https:\/\/archive.sana.sy\/tr\/index.php?rest_route=%2Fwp%2Fv2%2Fmedia&parent=4576"}],"wp:term":[{"taxonomy":"category","embeddable":true,"href":"https:\/\/archive.sana.sy\/tr\/index.php?rest_route=%2Fwp%2Fv2%2Fcategories&post=4576"},{"taxonomy":"post_tag","embeddable":true,"href":"https:\/\/archive.sana.sy\/tr\/index.php?rest_route=%2Fwp%2Fv2%2Ftags&post=4576"}],"curies":[{"name":"wp","href":"https:\/\/api.w.org\/{rel}","templated":true}]}}