{"id":45776,"date":"2015-09-05T14:25:29","date_gmt":"2015-09-05T11:25:29","guid":{"rendered":"http:\/\/www.sana.sy\/tr\/?p=45776"},"modified":"2015-09-05T14:27:55","modified_gmt":"2015-09-05T11:27:55","slug":"azili-elebasinin-suriye-semalari-kartallarinin-operasyonunda-oldugunu-itiraf-etti","status":"publish","type":"post","link":"https:\/\/archive.sana.sy\/tr\/?p=45776","title":{"rendered":"Az\u0131l\u0131 Eleba\u015f\u0131n\u0131n Suriye Semalar\u0131 Kartallar\u0131n\u0131n Operasyonunda \u00d6ld\u00fc\u011f\u00fcn\u00fc \u0130tiraf Etti"},"content":{"rendered":"<p>HOMS \u2013 I\u015e\u0130D \u00d6rg\u00fct\u00fc; Suriye semalar\u0131 kartallar\u0131n\u0131n Homs k\u0131rsal\u0131n\u0131n do\u011fusu Karyeteyn Kentinde kendisine tabi bir mevkii muhtevalar\u0131yla imha etmesiyle \u00f6rg\u00fct\u00fcn en bariz eleba\u015flar\u0131ndan \u00dcrd\u00fcn vatanda\u015f\u0131 \u2018Ebu el Kaika\u2019 kod ad\u0131yla bilinen Hazim Mneyzil Ebu Rumman\u2019\u0131n \u00f6ld\u00fc\u011f\u00fcn\u00fc itiraf etti.<\/p>\n<p>I\u015e\u0130D \u00e7eteleri medya ara\u00e7lar\u0131nda; \u00dcrd\u00fcn\u2019\u00fcn Salt B\u00f6lgesinden olan s\u00f6z konusu ter\u00f6r eleba\u015f\u0131n\u0131n, \u00f6rg\u00fct\u00fcn en bariz sorumlular\u0131ndan biri oldu\u011funu, Suriye sava\u015f u\u00e7aklar\u0131n\u0131n Karyeteyn Kentinde bir mevkilerini hedef alan operasyonlar\u0131 s\u0131ras\u0131nda \u00f6ld\u00fc\u011f\u00fcn\u00fc belirtti.<\/p>\n<p>\u00dcrd\u00fcn\u2019\u00fcn Salt B\u00f6lgesinde selefi cihat\u00e7\u0131lara yak\u0131n kaynaklara dayand\u0131r\u0131lan haberlerde; az\u0131l\u0131 ter\u00f6r eleba\u015f\u0131 \u2018Ebu el Kaika\u2019\u0131n yakla\u015f\u0131k 3 y\u0131l \u00f6nce \u00dcrd\u00fcn\u2019den Suriye&#8217;ye girdi\u011fini ve kendi de\u011fimleriyle \u2018\u015eam Vilayetinin Karyeteyn B\u00f6lge Emiri\u2019 g\u00f6revini \u00fcstlendi\u011fi belirtildi.<\/p>\n<p>\u00dcrd\u00fcnl\u00fc kaynaklar ise 30 ya\u015flar\u0131nda olan ve \u00fc\u00e7 y\u0131l \u00f6nce Suriye&#8217;de ter\u00f6r \u00f6rg\u00fctlere kat\u0131lan \u2018Ebu el Kaika\u2019\u0131n Suriye sava\u015f u\u00e7aklar\u0131n\u0131n Karyeteyn B\u00f6lgesindeki bir operasyonu ile \u00f6ld\u00fc\u011f\u00fcn\u00fc a\u00e7\u0131klad\u0131.<\/p>\n","protected":false},"excerpt":{"rendered":"<p>HOMS \u2013 I\u015e\u0130D \u00d6rg\u00fct\u00fc; Suriye semalar\u0131 kartallar\u0131n\u0131n Homs k\u0131rsal\u0131n\u0131n do\u011fusu Karyeteyn Kentinde kendisine tabi bir mevkii muhtevalar\u0131yla imha etmesiyle \u00f6rg\u00fct\u00fcn en bariz eleba\u015flar\u0131ndan \u00dcrd\u00fcn vatanda\u015f\u0131 \u2018Ebu el Kaika\u2019 kod ad\u0131yla bilinen Hazim Mneyzil Ebu Rumman\u2019\u0131n \u00f6ld\u00fc\u011f\u00fcn\u00fc itiraf etti. I\u015e\u0130D \u00e7eteleri medya ara\u00e7lar\u0131nda; \u00dcrd\u00fcn\u2019\u00fcn Salt B\u00f6lgesinden olan s\u00f6z konusu ter\u00f6r eleba\u015f\u0131n\u0131n, \u00f6rg\u00fct\u00fcn en bariz sorumlular\u0131ndan biri &hellip;<\/p>\n","protected":false},"author":1,"featured_media":45778,"comment_status":"closed","ping_status":"closed","sticky":false,"template":"","format":"standard","meta":{"footnotes":""},"categories":[479,575,447,478],"tags":[16575,16574,16576],"class_list":["post-45776","post","type-post","status-publish","format-standard","has-post-thumbnail","","category-haberler-yerel","category-olaylar-ve-gercekler","category-politika","category-yerel","tag-ebu-el-kaika-kod-adiyla-bilinen-hazim-mneyzil-ebu-rumman","tag-isid-orgutu","tag-urdunun-salt-bolgesinde-selefi-cihatcilara"],"_links":{"self":[{"href":"https:\/\/archive.sana.sy\/tr\/index.php?rest_route=\/wp\/v2\/posts\/45776","targetHints":{"allow":["GET"]}}],"collection":[{"href":"https:\/\/archive.sana.sy\/tr\/index.php?rest_route=\/wp\/v2\/posts"}],"about":[{"href":"https:\/\/archive.sana.sy\/tr\/index.php?rest_route=\/wp\/v2\/types\/post"}],"author":[{"embeddable":true,"href":"https:\/\/archive.sana.sy\/tr\/index.php?rest_route=\/wp\/v2\/users\/1"}],"replies":[{"embeddable":true,"href":"https:\/\/archive.sana.sy\/tr\/index.php?rest_route=%2Fwp%2Fv2%2Fcomments&post=45776"}],"version-history":[{"count":0,"href":"https:\/\/archive.sana.sy\/tr\/index.php?rest_route=\/wp\/v2\/posts\/45776\/revisions"}],"wp:featuredmedia":[{"embeddable":true,"href":"https:\/\/archive.sana.sy\/tr\/index.php?rest_route=\/wp\/v2\/media\/45778"}],"wp:attachment":[{"href":"https:\/\/archive.sana.sy\/tr\/index.php?rest_route=%2Fwp%2Fv2%2Fmedia&parent=45776"}],"wp:term":[{"taxonomy":"category","embeddable":true,"href":"https:\/\/archive.sana.sy\/tr\/index.php?rest_route=%2Fwp%2Fv2%2Fcategories&post=45776"},{"taxonomy":"post_tag","embeddable":true,"href":"https:\/\/archive.sana.sy\/tr\/index.php?rest_route=%2Fwp%2Fv2%2Ftags&post=45776"}],"curies":[{"name":"wp","href":"https:\/\/api.w.org\/{rel}","templated":true}]}}