{"id":45780,"date":"2015-09-05T14:44:42","date_gmt":"2015-09-05T11:44:42","guid":{"rendered":"http:\/\/www.sana.sy\/tr\/?p=45780"},"modified":"2015-09-05T14:44:42","modified_gmt":"2015-09-05T11:44:42","slug":"erdogan-isidin-kurulmasinda-temel-bir-rol-oynadi","status":"publish","type":"post","link":"https:\/\/archive.sana.sy\/tr\/?p=45780","title":{"rendered":"Erdo\u011fan I\u015e\u0130D\u2019in Kurulmas\u0131nda Temel Bir Rol Oynad\u0131"},"content":{"rendered":"<p>ANKARA \u2013 T\u00fcrkiye&#8217;de Barolar Birli\u011fi Ba\u015fkan\u0131 Metin Feyzio\u011flu Suriye&#8217;de ya\u015fanan \u00f6l\u00fcm ve y\u0131k\u0131m\u0131n sorumlulu\u011funu, I\u015e\u0130D ve daha ba\u015fka ter\u00f6r \u00f6rg\u00fctlere desteklerinden dolay\u0131 rejim ba\u015fkan\u0131 Recep Tayip Erdo\u011fan ve AKP h\u00fck\u00fcmetine y\u00fckledi.<\/p>\n<p>Feyzio\u011flu yapt\u0131\u011f\u0131 televizyon a\u00e7\u0131klamas\u0131nda Erdo\u011fan ve rejiminin Suriye&#8217;de ter\u00f6r \u00f6rg\u00fctleri deste\u011fi olmasayd\u0131, durumlar\u0131n bu hale gelmesinin m\u00fcmk\u00fcn olmad\u0131\u011f\u0131n\u0131 belirtirken; Erdo\u011fan\u2019\u0131n I\u015e\u0130D dahil ter\u00f6r \u00f6rg\u00fctlere deste\u011finden amac\u0131n\u0131n emperyalist planlar\u0131n hizmetine Suriye&#8217;yi par\u00e7alamak oldu\u011funun alt\u0131n\u0131 \u00e7izdi.<\/p>\n<p>Erdo\u011fan\u2019\u0131n I\u015e\u0130D \u00d6rg\u00fct\u00fcn\u00fcn kurulmas\u0131nda temel bir rol oynad\u0131\u011f\u0131n\u0131 belirten Feyzio\u011flu; T\u00fcrkiye&#8217;nin tan\u0131k olmakta oldu\u011fu kanl\u0131 olaylar\u0131n yine Erdo\u011fan ve rejiminin Suriye ve t\u00fcm b\u00f6lgede izledikleri yanl\u0131\u015f politikalar\u0131n sonucu oldu\u011funu vurgulad\u0131.<\/p>\n<p>Feyzio\u011flu Erdo\u011fan ve rejiminin, destekledikleri bu ter\u00f6r\u00fcn er yada ge\u00e7 kendilerini ve T\u00fcrkiye&#8217;yi \u0131s\u0131raca\u011f\u0131n\u0131 idrak etmeleri gerekti\u011fini ifade etti.<\/p>\n","protected":false},"excerpt":{"rendered":"<p>ANKARA \u2013 T\u00fcrkiye&#8217;de Barolar Birli\u011fi Ba\u015fkan\u0131 Metin Feyzio\u011flu Suriye&#8217;de ya\u015fanan \u00f6l\u00fcm ve y\u0131k\u0131m\u0131n sorumlulu\u011funu, I\u015e\u0130D ve daha ba\u015fka ter\u00f6r \u00f6rg\u00fctlere desteklerinden dolay\u0131 rejim ba\u015fkan\u0131 Recep Tayip Erdo\u011fan ve AKP h\u00fck\u00fcmetine y\u00fckledi. Feyzio\u011flu yapt\u0131\u011f\u0131 televizyon a\u00e7\u0131klamas\u0131nda Erdo\u011fan ve rejiminin Suriye&#8217;de ter\u00f6r \u00f6rg\u00fctleri deste\u011fi olmasayd\u0131, durumlar\u0131n bu hale gelmesinin m\u00fcmk\u00fcn olmad\u0131\u011f\u0131n\u0131 belirtirken; Erdo\u011fan\u2019\u0131n I\u015e\u0130D dahil ter\u00f6r \u00f6rg\u00fctlere &hellip;<\/p>\n","protected":false},"author":1,"featured_media":45781,"comment_status":"closed","ping_status":"closed","sticky":false,"template":"","format":"standard","meta":{"footnotes":""},"categories":[458,459,447,2554,2555],"tags":[16577,16578],"class_list":["post-45780","post","type-post","status-publish","format-standard","has-post-thumbnail","","category-dunya1","category-haberler-arap-uluslararasi-politika","category-politika","category-suriye-ve-dunya","category-suriye-ve-turkiye","tag-erdogan-isidin-kurulmasinda-temel-bir-rol-oynadi","tag-turkiyede-barolar-birligi-baskani-metin-feyzioglu"],"_links":{"self":[{"href":"https:\/\/archive.sana.sy\/tr\/index.php?rest_route=\/wp\/v2\/posts\/45780","targetHints":{"allow":["GET"]}}],"collection":[{"href":"https:\/\/archive.sana.sy\/tr\/index.php?rest_route=\/wp\/v2\/posts"}],"about":[{"href":"https:\/\/archive.sana.sy\/tr\/index.php?rest_route=\/wp\/v2\/types\/post"}],"author":[{"embeddable":true,"href":"https:\/\/archive.sana.sy\/tr\/index.php?rest_route=\/wp\/v2\/users\/1"}],"replies":[{"embeddable":true,"href":"https:\/\/archive.sana.sy\/tr\/index.php?rest_route=%2Fwp%2Fv2%2Fcomments&post=45780"}],"version-history":[{"count":0,"href":"https:\/\/archive.sana.sy\/tr\/index.php?rest_route=\/wp\/v2\/posts\/45780\/revisions"}],"wp:featuredmedia":[{"embeddable":true,"href":"https:\/\/archive.sana.sy\/tr\/index.php?rest_route=\/wp\/v2\/media\/45781"}],"wp:attachment":[{"href":"https:\/\/archive.sana.sy\/tr\/index.php?rest_route=%2Fwp%2Fv2%2Fmedia&parent=45780"}],"wp:term":[{"taxonomy":"category","embeddable":true,"href":"https:\/\/archive.sana.sy\/tr\/index.php?rest_route=%2Fwp%2Fv2%2Fcategories&post=45780"},{"taxonomy":"post_tag","embeddable":true,"href":"https:\/\/archive.sana.sy\/tr\/index.php?rest_route=%2Fwp%2Fv2%2Ftags&post=45780"}],"curies":[{"name":"wp","href":"https:\/\/api.w.org\/{rel}","templated":true}]}}