{"id":45793,"date":"2015-09-05T20:51:07","date_gmt":"2015-09-05T17:51:07","guid":{"rendered":"http:\/\/sana.sy\/tr\/?p=45793"},"modified":"2015-09-06T13:21:32","modified_gmt":"2015-09-06T10:21:32","slug":"teroristlerin-sayi-ve-techizatlariyla-buyuk-kayiplari-devam-ediyor","status":"publish","type":"post","link":"https:\/\/archive.sana.sy\/tr\/?p=45793","title":{"rendered":"Ter\u00f6ristlerin Say\u0131 ve Te\u00e7hizatlar\u0131yla B\u00fcy\u00fck Kay\u0131plar\u0131 Devam Ediyor"},"content":{"rendered":"<p>\u0130LLER \u2013 \u0130nsanl\u0131k ve tarihine, k\u00fclt\u00fcr ve medeniyete kar\u015f\u0131 vah\u015fetlerinde s\u0131n\u0131r tan\u0131mayan ter\u00f6ristlere kar\u015f\u0131 operasyonlar\u0131n\u0131 s\u00fcrd\u00fcren ordu birliklerimiz bug\u00fcn; ba\u015fta T\u00fcrkiye&#8217;deki rejim, \u0130srail, Suudi Arabistan ve Katar ba\u015fta olmak \u00fczere kimi devletlerin direk ve s\u0131n\u0131rs\u0131z deste\u011fini alan bu \u00e7eteleri say\u0131 ve te\u00e7hizatlar\u0131yla b\u00fcy\u00fck kay\u0131plara u\u011fratmaya devam etti.<\/p>\n<p><span style=\"color: #0000ff\">S\u00dcVEYDA:<\/span><\/p>\n<p>SANA muhabirine a\u00e7\u0131klama yapan askeri bir kaynak; S\u00fcveyda k\u0131rsal\u0131nda \u0130srail ve \u00dcrd\u00fcn destekli ter\u00f6ristlere kar\u015f\u0131 operasyonlar\u0131n\u0131 s\u00fcrd\u00fcren ordu birliklerimizin halk savunma g\u00fc\u00e7leriyle i\u015fbirli\u011fi i\u00e7inde k\u0131rsal\u0131n kuzeydo\u011fusu Hurbat Sued B\u00f6lgesinin \u00e7evresinde I\u015e\u0130D ter\u00f6r \u00f6rg\u00fct\u00fcne ait yuva ve hareketlenmelerini hedef ald\u0131klar\u0131n\u0131 ifade etti.<\/p>\n<p>Kaynak; operasyonlarda ter\u00f6r grubunun t\u00fcm \u00fcyelerinin \u00f6l\u00fc ve yaral\u0131 d\u00fc\u015f\u00fcr\u00fcl\u00fcp havzalar\u0131nda bulunan silah ve m\u00fchimmatlar\u0131n da imha edildi\u011fini aktard\u0131.<\/p>\n<p><span style=\"color: #0000ff\">\u0130DL\u0130B:<\/span><\/p>\n<p>\u0130dlib k\u0131rsal\u0131nda ise Erdo\u011fan rejimi ve Suudi krall\u0131k rejiminin d\u00fcnyan\u0131n muhtelif devletlerinden toplay\u0131p vatan hainleri ile birle\u015ftirdi\u011fi ve ad\u0131na \u2018Fetih Ordusu\u2019 verdi\u011fi \u00e7etelere kar\u015f\u0131 operasyonlar ba\u015far\u0131yla devam ediyor.<\/p>\n<p>Askeri kaynak; \u0130dlib Kentinin 50 km g\u00fcneydo\u011fusuna yak\u0131n d\u00fc\u015fen Ebu Zuhur Nahiyesi, H\u015feyr, ve Mecas k\u00f6ylerinde hava g\u00fc\u00e7lerimizin ter\u00f6r \u00f6rg\u00fctlerin hareketlenmelerini hedef almalar\u0131yla \u00e7ok say\u0131da ter\u00f6risti \u00f6l\u00fc ve yaral\u0131 d\u00fc\u015f\u00fcr\u00fcp muhtelif t\u00fcr a\u011f\u0131r makineli silahlarla donat\u0131lm\u0131\u015f ara\u00e7lar\u0131n\u0131 imha ettiklerini belirtti.<\/p>\n<p>Bu arada saha kaynaklar\u0131; \u0130dlib ve Hama k\u0131rsallar\u0131n\u0131n aras\u0131na d\u00fc\u015fen Mhembel ve Friyka k\u00f6ylerinde ter\u00f6ristlerin hareket eksenlerini hedef alan hava g\u00fc\u00e7lerimizin \u2018Fetih Orusu\u2019nun temel bile\u015feni Nusra Cephesine ait 11 ter\u00f6riste ek olarak muhtelif t\u00fcr b\u00fcy\u00fck miktarda cephane ta\u015f\u0131yan 6 arac\u0131 tamam\u0131yla imha ettiklerini aktard\u0131.<\/p>\n<p><span style=\"color: #0000ff\">HAMA:<\/span><\/p>\n<p>Hama k\u0131rsal\u0131nda da yine Erdo\u011fan \u00e7eteleri \u2018Fetih Ordusu\u2019 \u00e7etelerine kar\u015f\u0131 operasyonlar\u0131n\u0131 s\u00fcrd\u00fcren hava g\u00fc\u00e7lerimiz il k\u0131rsal\u0131n\u0131n kuzeybat\u0131s\u0131 Enkavi, Kleydin, Kaston, Dukmak, Mansura, Zakkum ve Tel Zecram k\u00f6ylerinde bu \u00e7eteleri say\u0131 ve te\u00e7hizatlar\u0131yla a\u011f\u0131r kay\u0131plara u\u011fratt\u0131.<\/p>\n<p><span style=\"color: #0000ff\">HOMS:<\/span><\/p>\n<p>Askeri kaynak; hava g\u00fc\u00e7lerimizden destek alan ordu birliklerimizin Homs k\u0131rsal\u0131n\u0131n do\u011fusu Tedmur Kenti ve Cezl Petrol Platformu civar\u0131nda I\u015e\u0130D\u2019in yuva ve karargahlar\u0131n\u0131 muhtevalar\u0131yla birlikte imha ettiklerini s\u00f6yledi.<\/p>\n<p><span style=\"color: #0000ff\">\u015eAM KIRSALI:<\/span><\/p>\n<p>\u00d6te yandan saha kaynaklar\u0131 SANA muhabirine a\u00e7\u0131klamalar\u0131nda ordu birliklerimizin \u015eam k\u0131rsal\u0131 Merc el Sultan K\u00f6y\u00fcn\u00fcn g\u00fcney giri\u015finde Nusra Cephesinin toplanma yerlerine kar\u015f\u0131 nitelikli bir operasyonda aralar\u0131nda \u00c7e\u00e7enli Sultan Sultanov\u2019un bulundu\u011fu 5 ter\u00f6risti \u00f6ld\u00fcrd\u00fcklerine dikkat \u00e7ekti.<\/p>\n<p>Ordu birliklerimizin \u015eam k\u0131rsal\u0131 Zemalka B\u00f6lgesinde \u2018\u0130slam Ordusu\u2019ndan 5 ter\u00f6risti \u00f6ld\u00fcr\u00fcp bir ara\u00e7 ve bir havan topunu cephanesiyle birlikte etkisizle\u015ftirdiklerini s\u00f6yleyen kaynaklar; Erbin Beldesinde 4 ter\u00f6risti \u00f6ld\u00fcrmelerine ek olarak Hammuriye Bostanlar\u0131nda bir Pikap arac\u0131n\u0131 imha ederek 3 ter\u00f6risti \u00f6ld\u00fcrd\u00fcklerini aktard\u0131.<\/p>\n<p>Kaynaklar; \u015eam k\u0131rsal\u0131 Duma Kentinin Celaa Soka\u011f\u0131 ve \u00c2liya \u00e7iftliklerinde de ter\u00f6r yuvalar\u0131n\u0131 hedef alan ordu birliklerimizin 7 ter\u00f6risti \u00f6ld\u00fcrd\u00fcklerini bayan etti.<\/p>\n<p>Bu arada ordu birliklerimizin \u015eam k\u0131rsal\u0131 Zebdin \u00e7iftliklerinde \u2018\u0130slam T\u00fcmeni\u2019ne tabi \u2018Keskin Ni\u015fanc\u0131lar Taburu\u2019nun komutan\u0131n\u0131 \u00f6ld\u00fcrmelerine e\u015f zamanl\u0131 olarak Zemaniye K\u00f6y\u00fc \u00e7iftliklerinde ordu birliklerimizin ter\u00f6ristlerle \u015fiddetli \u00e7at\u0131\u015fmaya girdiklerini aktaran kaynaklar; radikal \u00e7etelerin saflar\u0131nda a\u011f\u0131r kay\u0131plara yol a\u00e7t\u0131klar\u0131n\u0131 s\u00f6yledi.<\/p>\n<p>\u015eam k\u0131rsal\u0131n\u0131n g\u00fcneybat\u0131s\u0131 Dareyya Kentinde ise ordu birliklerimiz Cemiyet Semtinde bir\u00e7ok bina blo\u011funu ter\u00f6ristlerden temizleyerek kontrol\u00fcne ge\u00e7irdi.<\/p>\n<p>Zebadani Kentinde L\u00fcbnan ulusal direni\u015f g\u00fc\u00e7leriyle operasyonlar\u0131n\u0131 s\u00fcrd\u00fcren ordu birliklerimiz; kent merkezinde arta kalan ter\u00f6ristleri ald\u0131\u011f\u0131 \u00e7emberi daha da daraltt\u0131. Operasyonlarda a\u011f\u0131r makineli silahla donat\u0131lm\u0131\u015f bir ara\u00e7 imha edilirken beraberinde bulunan ve bir k\u0131sm\u0131 tehlikeli olan ter\u00f6ristler \u00f6ld\u00fcr\u00fcld\u00fc. Kentin ana meydan\u0131 ve civar\u0131ndaki binalar da kontrol alt\u0131na al\u0131nd\u0131.<\/p>\n<p>Bu arada Zebadani Kentinde saha kaynaklar\u0131 kentin g\u00fcney ekseninde ter\u00f6ristlerin Zebadani arazileri ile Madaya tar\u0131m arazileri aras\u0131nda yer de\u011fi\u015ftirmede kulland\u0131klar\u0131 100 metre uzunlu\u011funda bir t\u00fcnel bulundu\u011funu belirtti.<\/p>\n<p>https:\/\/www.youtube.com\/watch?v=tMnxipyVbas<\/p>\n<p><span style=\"color: #0000ff\">HALEP:<\/span><\/p>\n<p>Halep ve k\u0131rsal\u0131nda Erdo\u011fan \u00e7etelerine kar\u015f\u0131 operasyonlar\u0131n\u0131 s\u00fcrd\u00fcren ordu birliklerimiz Halep k\u0131rsal\u0131n\u0131n do\u011fusu Havac\u0131l\u0131k Akademisi civar\u0131, Sfeyra&#8217;n\u0131n do\u011fusu ve Hreytan B\u00f6lgesine ek olarak Halep Kentinin Ra\u015fidin 4, Leyramun b\u00f6lgelerinde aralar\u0131nda tehlikeli isimlerin bulundu\u011fu onlarca ter\u00f6risti ara\u00e7 ve cephaneleriyle birlikte etkisizle\u015ftirdi.\u200f<\/p>\n<p style=\"text-align: center\"><strong><span style=\"color: #0000ff\">ZEBADAN\u0130<\/span><\/strong><\/p>\n<div id='gallery-1' class='gallery galleryid-45793 gallery-columns-3 gallery-size-medium'><figure class='gallery-item'>\n\t\t\t<div class='gallery-icon landscape'>\n\t\t\t\t<a href='https:\/\/archive.sana.sy\/tr\/wp-content\/uploads\/2015\/09\/\u0639\u0645\u0644\u064a\u0627\u062a-\u0627\u0644\u062c\u064a\u0634-\u0641\u064a-\u0627\u0644\u0632\u0628\u062f\u0627\u0646\u064a.Still001.jpg'><img loading=\"lazy\" decoding=\"async\" width=\"300\" height=\"240\" src=\"https:\/\/archive.sana.sy\/tr\/wp-content\/uploads\/2015\/09\/\u0639\u0645\u0644\u064a\u0627\u062a-\u0627\u0644\u062c\u064a\u0634-\u0641\u064a-\u0627\u0644\u0632\u0628\u062f\u0627\u0646\u064a.Still001-300x240.jpg\" class=\"attachment-medium size-medium\" alt=\"\" aria-describedby=\"gallery-1-45801\" srcset=\"https:\/\/archive.sana.sy\/tr\/wp-content\/uploads\/2015\/09\/\u0639\u0645\u0644\u064a\u0627\u062a-\u0627\u0644\u062c\u064a\u0634-\u0641\u064a-\u0627\u0644\u0632\u0628\u062f\u0627\u0646\u064a.Still001-300x240.jpg 300w, https:\/\/archive.sana.sy\/tr\/wp-content\/uploads\/2015\/09\/\u0639\u0645\u0644\u064a\u0627\u062a-\u0627\u0644\u062c\u064a\u0634-\u0641\u064a-\u0627\u0644\u0632\u0628\u062f\u0627\u0646\u064a.Still001-150x120.jpg 150w, https:\/\/archive.sana.sy\/tr\/wp-content\/uploads\/2015\/09\/\u0639\u0645\u0644\u064a\u0627\u062a-\u0627\u0644\u062c\u064a\u0634-\u0641\u064a-\u0627\u0644\u0632\u0628\u062f\u0627\u0646\u064a.Still001.jpg 720w\" sizes=\"auto, (max-width: 300px) 100vw, 300px\" \/><\/a>\n\t\t\t<\/div>\n\t\t\t\t<figcaption class='wp-caption-text gallery-caption' id='gallery-1-45801'>\n\t\t\t\t1\n\t\t\t\t<\/figcaption><\/figure><figure class='gallery-item'>\n\t\t\t<div class='gallery-icon landscape'>\n\t\t\t\t<a href='https:\/\/archive.sana.sy\/tr\/wp-content\/uploads\/2015\/09\/\u0639\u0645\u0644\u064a\u0627\u062a-\u0627\u0644\u062c\u064a\u0634-\u0641\u064a-\u0627\u0644\u0632\u0628\u062f\u0627\u0646\u064a.Still002.jpg'><img loading=\"lazy\" decoding=\"async\" width=\"300\" height=\"240\" src=\"https:\/\/archive.sana.sy\/tr\/wp-content\/uploads\/2015\/09\/\u0639\u0645\u0644\u064a\u0627\u062a-\u0627\u0644\u062c\u064a\u0634-\u0641\u064a-\u0627\u0644\u0632\u0628\u062f\u0627\u0646\u064a.Still002-300x240.jpg\" class=\"attachment-medium size-medium\" alt=\"\" aria-describedby=\"gallery-1-45802\" srcset=\"https:\/\/archive.sana.sy\/tr\/wp-content\/uploads\/2015\/09\/\u0639\u0645\u0644\u064a\u0627\u062a-\u0627\u0644\u062c\u064a\u0634-\u0641\u064a-\u0627\u0644\u0632\u0628\u062f\u0627\u0646\u064a.Still002-300x240.jpg 300w, https:\/\/archive.sana.sy\/tr\/wp-content\/uploads\/2015\/09\/\u0639\u0645\u0644\u064a\u0627\u062a-\u0627\u0644\u062c\u064a\u0634-\u0641\u064a-\u0627\u0644\u0632\u0628\u062f\u0627\u0646\u064a.Still002-150x120.jpg 150w, https:\/\/archive.sana.sy\/tr\/wp-content\/uploads\/2015\/09\/\u0639\u0645\u0644\u064a\u0627\u062a-\u0627\u0644\u062c\u064a\u0634-\u0641\u064a-\u0627\u0644\u0632\u0628\u062f\u0627\u0646\u064a.Still002.jpg 720w\" sizes=\"auto, (max-width: 300px) 100vw, 300px\" \/><\/a>\n\t\t\t<\/div>\n\t\t\t\t<figcaption class='wp-caption-text gallery-caption' id='gallery-1-45802'>\n\t\t\t\t2\n\t\t\t\t<\/figcaption><\/figure><figure class='gallery-item'>\n\t\t\t<div class='gallery-icon landscape'>\n\t\t\t\t<a href='https:\/\/archive.sana.sy\/tr\/wp-content\/uploads\/2015\/09\/\u0639\u0645\u0644\u064a\u0627\u062a-\u0627\u0644\u062c\u064a\u0634-\u0641\u064a-\u0627\u0644\u0632\u0628\u062f\u0627\u0646\u064a.Still004.jpg'><img loading=\"lazy\" decoding=\"async\" width=\"300\" height=\"240\" src=\"https:\/\/archive.sana.sy\/tr\/wp-content\/uploads\/2015\/09\/\u0639\u0645\u0644\u064a\u0627\u062a-\u0627\u0644\u062c\u064a\u0634-\u0641\u064a-\u0627\u0644\u0632\u0628\u062f\u0627\u0646\u064a.Still004-300x240.jpg\" class=\"attachment-medium size-medium\" alt=\"\" aria-describedby=\"gallery-1-45803\" srcset=\"https:\/\/archive.sana.sy\/tr\/wp-content\/uploads\/2015\/09\/\u0639\u0645\u0644\u064a\u0627\u062a-\u0627\u0644\u062c\u064a\u0634-\u0641\u064a-\u0627\u0644\u0632\u0628\u062f\u0627\u0646\u064a.Still004-300x240.jpg 300w, https:\/\/archive.sana.sy\/tr\/wp-content\/uploads\/2015\/09\/\u0639\u0645\u0644\u064a\u0627\u062a-\u0627\u0644\u062c\u064a\u0634-\u0641\u064a-\u0627\u0644\u0632\u0628\u062f\u0627\u0646\u064a.Still004-150x120.jpg 150w, https:\/\/archive.sana.sy\/tr\/wp-content\/uploads\/2015\/09\/\u0639\u0645\u0644\u064a\u0627\u062a-\u0627\u0644\u062c\u064a\u0634-\u0641\u064a-\u0627\u0644\u0632\u0628\u062f\u0627\u0646\u064a.Still004.jpg 720w\" sizes=\"auto, (max-width: 300px) 100vw, 300px\" \/><\/a>\n\t\t\t<\/div>\n\t\t\t\t<figcaption class='wp-caption-text gallery-caption' id='gallery-1-45803'>\n\t\t\t\t3\n\t\t\t\t<\/figcaption><\/figure>\n\t\t<\/div>\n\n<p>M.M. &#8211; R.H.<\/p>\n","protected":false},"excerpt":{"rendered":"<p>\u0130LLER \u2013 \u0130nsanl\u0131k ve tarihine, k\u00fclt\u00fcr ve medeniyete kar\u015f\u0131 vah\u015fetlerinde s\u0131n\u0131r tan\u0131mayan ter\u00f6ristlere kar\u015f\u0131 operasyonlar\u0131n\u0131 s\u00fcrd\u00fcren ordu birliklerimiz bug\u00fcn; ba\u015fta T\u00fcrkiye&#8217;deki rejim, \u0130srail, Suudi Arabistan ve Katar ba\u015fta olmak \u00fczere kimi devletlerin direk ve s\u0131n\u0131rs\u0131z deste\u011fini alan bu \u00e7eteleri say\u0131 ve te\u00e7hizatlar\u0131yla b\u00fcy\u00fck kay\u0131plara u\u011fratmaya devam etti. S\u00dcVEYDA: SANA muhabirine a\u00e7\u0131klama yapan askeri bir kaynak; &hellip;<\/p>\n","protected":false},"author":1,"featured_media":45798,"comment_status":"closed","ping_status":"closed","sticky":false,"template":"","format":"standard","meta":{"footnotes":""},"categories":[575],"tags":[],"class_list":["post-45793","post","type-post","status-publish","format-standard","has-post-thumbnail","","category-olaylar-ve-gercekler"],"_links":{"self":[{"href":"https:\/\/archive.sana.sy\/tr\/index.php?rest_route=\/wp\/v2\/posts\/45793","targetHints":{"allow":["GET"]}}],"collection":[{"href":"https:\/\/archive.sana.sy\/tr\/index.php?rest_route=\/wp\/v2\/posts"}],"about":[{"href":"https:\/\/archive.sana.sy\/tr\/index.php?rest_route=\/wp\/v2\/types\/post"}],"author":[{"embeddable":true,"href":"https:\/\/archive.sana.sy\/tr\/index.php?rest_route=\/wp\/v2\/users\/1"}],"replies":[{"embeddable":true,"href":"https:\/\/archive.sana.sy\/tr\/index.php?rest_route=%2Fwp%2Fv2%2Fcomments&post=45793"}],"version-history":[{"count":0,"href":"https:\/\/archive.sana.sy\/tr\/index.php?rest_route=\/wp\/v2\/posts\/45793\/revisions"}],"wp:featuredmedia":[{"embeddable":true,"href":"https:\/\/archive.sana.sy\/tr\/index.php?rest_route=\/wp\/v2\/media\/45798"}],"wp:attachment":[{"href":"https:\/\/archive.sana.sy\/tr\/index.php?rest_route=%2Fwp%2Fv2%2Fmedia&parent=45793"}],"wp:term":[{"taxonomy":"category","embeddable":true,"href":"https:\/\/archive.sana.sy\/tr\/index.php?rest_route=%2Fwp%2Fv2%2Fcategories&post=45793"},{"taxonomy":"post_tag","embeddable":true,"href":"https:\/\/archive.sana.sy\/tr\/index.php?rest_route=%2Fwp%2Fv2%2Ftags&post=45793"}],"curies":[{"name":"wp","href":"https:\/\/api.w.org\/{rel}","templated":true}]}}