{"id":45842,"date":"2015-09-06T12:40:38","date_gmt":"2015-09-06T09:40:38","guid":{"rendered":"http:\/\/sana.sy\/tr\/?p=45842"},"modified":"2015-09-06T13:47:42","modified_gmt":"2015-09-06T10:47:42","slug":"universite-ogrencilerine-af-karari-onaylandi","status":"publish","type":"post","link":"https:\/\/archive.sana.sy\/tr\/?p=45842","title":{"rendered":"\u00dcniversite \u00d6\u011frencilerine Af Karar\u0131 Onayland\u0131"},"content":{"rendered":"<p>\u015eAM \u2013 Cumhurba\u015fkan\u0131 Be\u015f\u015far el Esad bug\u00fcn; 2005\/2006 \u00f6\u011fretim y\u0131l\u0131ndan 2009\/2010 \u00f6\u011fretim y\u0131l\u0131na kadar \u00fcniversite dahilinden yada haricinden s\u0131navlara kat\u0131lma haklar\u0131n\u0131 kaybeden \u00f6\u011frencilere yeni bir s\u0131nav d\u00f6neminin tan\u0131nmas\u0131n\u0131 \u00f6ng\u00f6ren 2015\/234 say\u0131l\u0131 kararnameyi onaylad\u0131.<\/p>\n<p>06\/2006 say\u0131l\u0131 \u00fcniversiteler kanunu ve bu kanunun d\u00fczenlemelerine ili\u015fkin 2006\/250 say\u0131l\u0131 kararname kapsam\u0131nda onaylanan s\u00f6z konusu kararnamede \u00fcniversitelerde s\u0131navlar kat\u0131lma haklar\u0131n\u0131 kaybeden \u00f6\u011frencilere \u00f6\u011frenimlerini s\u00fcrd\u00fcrmeleri i\u00e7in yeni bir f\u0131rsat daha veriliyor.<\/p>\n<p>R.H.<\/p>\n","protected":false},"excerpt":{"rendered":"<p>\u015eAM \u2013 Cumhurba\u015fkan\u0131 Be\u015f\u015far el Esad bug\u00fcn; 2005\/2006 \u00f6\u011fretim y\u0131l\u0131ndan 2009\/2010 \u00f6\u011fretim y\u0131l\u0131na kadar \u00fcniversite dahilinden yada haricinden s\u0131navlara kat\u0131lma haklar\u0131n\u0131 kaybeden \u00f6\u011frencilere yeni bir s\u0131nav d\u00f6neminin tan\u0131nmas\u0131n\u0131 \u00f6ng\u00f6ren 2015\/234 say\u0131l\u0131 kararnameyi onaylad\u0131. 06\/2006 say\u0131l\u0131 \u00fcniversiteler kanunu ve bu kanunun d\u00fczenlemelerine ili\u015fkin 2006\/250 say\u0131l\u0131 kararname kapsam\u0131nda onaylanan s\u00f6z konusu kararnamede \u00fcniversitelerde s\u0131navlar kat\u0131lma haklar\u0131n\u0131 kaybeden &hellip;<\/p>\n","protected":false},"author":1,"featured_media":45843,"comment_status":"closed","ping_status":"closed","sticky":false,"template":"","format":"standard","meta":{"footnotes":""},"categories":[479,605,612,599,478],"tags":[],"class_list":["post-45842","post","type-post","status-publish","format-standard","has-post-thumbnail","","category-haberler-yerel","category-sayin-cumhurbaskani","category-yasama-kararnameler","category-yasama-ve-kanunlar","category-yerel"],"_links":{"self":[{"href":"https:\/\/archive.sana.sy\/tr\/index.php?rest_route=\/wp\/v2\/posts\/45842","targetHints":{"allow":["GET"]}}],"collection":[{"href":"https:\/\/archive.sana.sy\/tr\/index.php?rest_route=\/wp\/v2\/posts"}],"about":[{"href":"https:\/\/archive.sana.sy\/tr\/index.php?rest_route=\/wp\/v2\/types\/post"}],"author":[{"embeddable":true,"href":"https:\/\/archive.sana.sy\/tr\/index.php?rest_route=\/wp\/v2\/users\/1"}],"replies":[{"embeddable":true,"href":"https:\/\/archive.sana.sy\/tr\/index.php?rest_route=%2Fwp%2Fv2%2Fcomments&post=45842"}],"version-history":[{"count":0,"href":"https:\/\/archive.sana.sy\/tr\/index.php?rest_route=\/wp\/v2\/posts\/45842\/revisions"}],"wp:featuredmedia":[{"embeddable":true,"href":"https:\/\/archive.sana.sy\/tr\/index.php?rest_route=\/wp\/v2\/media\/45843"}],"wp:attachment":[{"href":"https:\/\/archive.sana.sy\/tr\/index.php?rest_route=%2Fwp%2Fv2%2Fmedia&parent=45842"}],"wp:term":[{"taxonomy":"category","embeddable":true,"href":"https:\/\/archive.sana.sy\/tr\/index.php?rest_route=%2Fwp%2Fv2%2Fcategories&post=45842"},{"taxonomy":"post_tag","embeddable":true,"href":"https:\/\/archive.sana.sy\/tr\/index.php?rest_route=%2Fwp%2Fv2%2Ftags&post=45842"}],"curies":[{"name":"wp","href":"https:\/\/api.w.org\/{rel}","templated":true}]}}