{"id":45846,"date":"2015-09-06T17:33:48","date_gmt":"2015-09-06T14:33:48","guid":{"rendered":"http:\/\/sana.sy\/tr\/?p=45846"},"modified":"2015-09-07T15:53:45","modified_gmt":"2015-09-07T12:53:45","slug":"israil-ve-erdogan-rejimine-bagli-teroristlere-yonelik-operasyonlar-suruyor","status":"publish","type":"post","link":"https:\/\/archive.sana.sy\/tr\/?p=45846","title":{"rendered":"\u0130srail ve Erdo\u011fan Rejimine Ba\u011fl\u0131 Ter\u00f6ristlere Y\u00f6nelik Operasyonlar S\u00fcr\u00fcyor"},"content":{"rendered":"<p>\u0130LLER \u2013 D\u0131\u015f g\u00fc\u00e7lerle ba\u011flant\u0131l\u0131 tekfirci ve vatan haini ter\u00f6r \u00f6rg\u00fctlere kar\u015f\u0131 operasyonlar\u0131n\u0131 s\u00fcrd\u00fcren ordu birliklerimiz bug\u00fcn cephane ve ter\u00f6rist ta\u015f\u0131yan ara\u00e7lar\u0131na ilaveten yuva ve toplanma yerlerini hedef almaya devam etti.<\/p>\n<p><span style=\"color: #0000ff\">LAZK\u0130YE:<\/span><\/p>\n<p>Lazkiye k\u0131rsal\u0131nda ise Erdo\u011fan rejimine tabi yabanc\u0131 uyruklu tekfircilere ve vatan hainlerine kar\u015f\u0131 operasyonlar\u0131n\u0131 s\u00fcrd\u00fcren ordu birliklerimizden askeri bir kaynak; Lazkiye Kentinin yakla\u015f\u0131k 60 km kuzeydo\u011fusuna d\u00fc\u015fen Rabia Nahiyesine tabi Dru\u015fan K\u00f6y\u00fcnde ter\u00f6ristlerin mevki ve hareketlerini yo\u011fun ate\u015fe tuttuklar\u0131n\u0131 s\u00f6yledi. Kaynak operasyonda az\u0131l\u0131 4 ter\u00f6ristin \u00f6ld\u00fcr\u00fcld\u00fc\u011f\u00fcn\u00fc ve 22 ter\u00f6ristin de a\u011f\u0131r yaraland\u0131\u011f\u0131n\u0131 aktard\u0131.<\/p>\n<p>B\u00f6lgeden yerel kaynaklar ise operasyon ard\u0131ndan ter\u00f6ristlerin saflar\u0131nda ciddi bir panik ve karga\u015fan\u0131n ya\u015fand\u0131\u011f\u0131n\u0131 aktar\u0131rlarken, \u00e7ok say\u0131da ambulans arac\u0131n\u0131n yo\u011fun bir \u015fekilde yaral\u0131lar\u0131 sahra hastanelerine ta\u015f\u0131d\u0131klar\u0131n\u0131 s\u00f6zlerine ekledi.<\/p>\n<p><span style=\"color: #0000ff\">\u0130DL\u0130B ve HAMA<\/span><\/p>\n<p>Vatan koruyucular\u0131m\u0131z \u0130dlib ve k\u0131rsal\u0131nda T\u00fcrkiye&#8217;deki Erdo\u011fan rejimi ve Suudi Arabistan krall\u0131k rejiminin destek ve finansla komuta ettikleri \u2018Fetih Ordusu\u2019na kar\u015f\u0131 operasyonlar\u0131n\u0131 s\u00fcrd\u00fcrd\u00fc.<\/p>\n<p>\u0130dlib\u2019ten askeri kaynak SANA\u2019ya a\u00e7\u0131klamas\u0131nda ordu birliklerimize destek veren hava g\u00fc\u00e7lerimizin \u0130dlib ve Hama k\u0131rsallar\u0131 Ebu el Zuhur, Kensafra, Eblin, Karkur, Freyke, Ariha, Mansura, Enkavi ve Kastun b\u00f6lgelerinde toplanma yerleri ve ara\u00e7lar\u0131n\u0131 nitelikli operasyonlarla hedef ald\u0131klar\u0131n\u0131 ifade etti.<\/p>\n<p>Kaynak operasyonlarda hedeflerin ba\u015far\u0131yla imha edildi\u011fini ifade ederken, bir k\u0131sm\u0131 a\u011f\u0131r silahla donat\u0131lan \u00e7ok say\u0131da arac\u0131n ta\u015f\u0131d\u0131klar\u0131 cephane ve ter\u00f6ristlerle birlikte imha edildi\u011fini aktard\u0131. Kaynak \u00f6l\u00fc ve yaral\u0131 d\u00fc\u015f\u00fcr\u00fclen y\u00fcksek say\u0131da ter\u00f6ristin aras\u0131nda yabanc\u0131 ve tehlikeli isimlerin bulundu\u011funa dikkat \u00e7ekti.<\/p>\n<p><span style=\"color: #0000ff\">KUNAYTRA:<\/span><\/p>\n<p>Kunaytra k\u0131rsal\u0131nda \u0130srail ile ba\u011flant\u0131l\u0131 Kaide \u00d6rg\u00fct\u00fcn\u00fcn Suriye Kolu Nusra Cephesi ve daha ba\u015fka isimler alt\u0131ndaki \u00f6rg\u00fctlere y\u00f6nelik operasyonlar\u0131 kapsam\u0131nda ordu birliklerimiz Han Arnaba Beldesi kenarlar\u0131nda cephane y\u00fckl\u00fc bir arac\u0131 ta\u015f\u0131d\u0131\u011f\u0131 cephane ve ter\u00f6ristlerle birlikte imha etti.<\/p>\n<p>Kunaytra k\u0131rsal\u0131nda askeri saha kaynaklar\u0131 ordu birliklerimizin halk savunma g\u00fc\u00e7leriyle i\u015fbirli\u011fi i\u00e7inde gece saatlerinde Hmeydiye, H\u00fcrriyet ve Ofanya k\u00f6ylerinden Han Arnaba ve Tel Kebi b\u00f6lgeleri y\u00f6n\u00fcnde s\u0131zmaya \u00e7al\u0131\u015fan ter\u00f6ristlerle \u00e7at\u0131\u015fmaya girdiklerini s\u00f6yledi. Kaynaklar \u00e7at\u0131\u015fmalarda cephane y\u00fckl\u00fc bir araca ek olarak ter\u00f6ristlerin Han Arnaba, Baas Kenti ve Caba K\u00f6y\u00fcnde sivil evleri hedef almada kulland\u0131klar\u0131 bir topun imha edildi\u011fini, aralar\u0131nda tehlikeli isimlerin bulundu\u011fu \u00e7ok say\u0131da ter\u00f6ristin \u00f6l\u00fc yaral\u0131 d\u00fc\u015f\u00fcr\u00fcld\u00fc\u011f\u00fcn\u00fc belirtti.<\/p>\n<p>Ordu birliklerimiz d\u00fcn ise Nusra Cephesi ve \u0130srail ba\u011flant\u0131l\u0131 di\u011fer ter\u00f6r \u00f6rg\u00fctlerin i\u015fgal alt\u0131ndaki Golan topraklar\u0131ndan destek ve ikmal hatlar\u0131n\u0131 hedef almalar\u0131yla bir\u00e7ok arac\u0131 ta\u015f\u0131d\u0131\u011f\u0131 ter\u00f6rist ve cephaneyle birlikte imha etmi\u015flerdi.<\/p>\n<p><span style=\"color: #0000ff\">DERA:<\/span><\/p>\n<p>\u00dcrd\u00fcn\u2019\u00fcn ba\u015fkenti Amman\u2019da T\u00fcrkiye, ABD, \u0130srail, \u0130ngiltere, Fransa, Suudi Arabistan ve Katar istihbarat cihazlar\u0131n\u0131n y\u00f6nettikleri Mok operasyon odas\u0131n\u0131n y\u00f6nlendirme ve komutlar\u0131yla faaliyet g\u00f6steren Nusra Cephesi ve daha ba\u015fka ter\u00f6r \u00f6rg\u00fctlere kar\u015f\u0131 Dera\u2019daki operasyonlar\u0131n\u0131 s\u00fcrd\u00fcren ordu birliklerimiz; \u00dcrd\u00fcn s\u0131n\u0131rlar\u0131na yak\u0131n Dera Beled B\u00f6lgesinde bir ter\u00f6r grubunun t\u00fcm elemanlar\u0131n\u0131 ekipmanlar\u0131yla birlikte etkisizle\u015ftirdi. Ordu birliklerimiz buna e\u015f zamanl\u0131 olarak yine Dera Beled\u2019in muhtelif b\u00f6lgelerinde Nusra Cephesine ait bir\u00e7ok yuva ve arac\u0131 i\u00e7lerindeki ter\u00f6ristler ve cephaneyle birlikte imha etti.<\/p>\n<p>\u00dcrd\u00fcn s\u0131n\u0131rlar\u0131 \u00fczerinden d\u00fcnyan\u0131n muhtelif devletlerinden yabanc\u0131 ter\u00f6ristlerin s\u0131zd\u0131\u011f\u0131 Dera k\u0131rsal\u0131n\u0131n Recm el Ma\u015fur B\u00f6lgesinin do\u011fusunda ise ordu birliklerimiz bir k\u0131sm\u0131 yabanc\u0131 olan \u00e7ok say\u0131da ter\u00f6risti cephaneleriyle birlikte etkisizle\u015ftirdi.<\/p>\n<p><span style=\"color: #0000ff\">\u015eAM KIRSALI:<\/span><\/p>\n<p>\u00d6te yandan ordu birliklerimiz \u015eam k\u0131rsal\u0131n\u0131n bat\u0131s\u0131 Zebadani Kentinde L\u00fcbnan ulusal direni\u015f g\u00fc\u00e7leriyle i\u015fbirli\u011fi i\u00e7inde s\u00fcrd\u00fcrd\u00fc\u011f\u00fc operasyonlar\u0131 kapsam\u0131nda bug\u00fcn Nabu Semtinde \u00e7ok say\u0131da ter\u00f6risti \u00f6ld\u00fcrmeleri ard\u0131ndan bir\u00e7ok bina blo\u011funu kontrol\u00fcne ge\u00e7irdi.<\/p>\n<p>Saha kaynaklar\u0131 ordu birliklerimizin arama tarama operasyonlar\u0131 s\u0131ras\u0131nda ter\u00f6ristlerin bertaraf olmadan \u00f6nce \u00f6zel ve kamu m\u00fclklere yerle\u015ftirdikleri \u00e7ok say\u0131da bubi tuza\u011f\u0131n\u0131 etkisizle\u015ftirdiklerini aktard\u0131.<\/p>\n<p>https:\/\/www.youtube.com\/watch?v=ALRlfSH-Ang<\/p>\n<p><span style=\"color: #0000ff\">HOMS:<\/span><\/p>\n<p>Bu arada Ordu birliklerimiz Homs k\u0131rsal\u0131n\u0131n do\u011fusu Tedmur B\u00f6lgesine ek olarak do\u011fusuna d\u00fc\u015fen Cezl Platformunun do\u011fusunda I\u015e\u0130D ara\u00e7lar\u0131 ve k\u00fcmelenme yerlerini muhtevalar\u0131yla imha etti.<\/p>\n<p style=\"text-align: center\"><strong><span style=\"color: #0000ff\">ZEBADAN\u0130<\/span><\/strong><\/p>\n<div id='gallery-1' class='gallery galleryid-45846 gallery-columns-2 gallery-size-medium'><figure class='gallery-item'>\n\t\t\t<div class='gallery-icon landscape'>\n\t\t\t\t<a href='https:\/\/archive.sana.sy\/tr\/wp-content\/uploads\/2015\/09\/\u062e\u0628\u0631-\u0627\u0644\u0632\u0628\u062f\u0627\u0646\u064a-6-9-2015.Still001.jpg'><img loading=\"lazy\" decoding=\"async\" width=\"300\" height=\"240\" src=\"https:\/\/archive.sana.sy\/tr\/wp-content\/uploads\/2015\/09\/\u062e\u0628\u0631-\u0627\u0644\u0632\u0628\u062f\u0627\u0646\u064a-6-9-2015.Still001-300x240.jpg\" class=\"attachment-medium size-medium\" alt=\"\" srcset=\"https:\/\/archive.sana.sy\/tr\/wp-content\/uploads\/2015\/09\/\u062e\u0628\u0631-\u0627\u0644\u0632\u0628\u062f\u0627\u0646\u064a-6-9-2015.Still001-300x240.jpg 300w, https:\/\/archive.sana.sy\/tr\/wp-content\/uploads\/2015\/09\/\u062e\u0628\u0631-\u0627\u0644\u0632\u0628\u062f\u0627\u0646\u064a-6-9-2015.Still001-150x120.jpg 150w, https:\/\/archive.sana.sy\/tr\/wp-content\/uploads\/2015\/09\/\u062e\u0628\u0631-\u0627\u0644\u0632\u0628\u062f\u0627\u0646\u064a-6-9-2015.Still001.jpg 720w\" sizes=\"auto, (max-width: 300px) 100vw, 300px\" \/><\/a>\n\t\t\t<\/div><\/figure><figure class='gallery-item'>\n\t\t\t<div class='gallery-icon landscape'>\n\t\t\t\t<a href='https:\/\/archive.sana.sy\/tr\/wp-content\/uploads\/2015\/09\/\u062e\u0628\u0631-\u0627\u0644\u0632\u0628\u062f\u0627\u0646\u064a-6-9-2015.Still002.jpg'><img loading=\"lazy\" decoding=\"async\" width=\"300\" height=\"240\" src=\"https:\/\/archive.sana.sy\/tr\/wp-content\/uploads\/2015\/09\/\u062e\u0628\u0631-\u0627\u0644\u0632\u0628\u062f\u0627\u0646\u064a-6-9-2015.Still002-300x240.jpg\" class=\"attachment-medium size-medium\" alt=\"\" srcset=\"https:\/\/archive.sana.sy\/tr\/wp-content\/uploads\/2015\/09\/\u062e\u0628\u0631-\u0627\u0644\u0632\u0628\u062f\u0627\u0646\u064a-6-9-2015.Still002-300x240.jpg 300w, https:\/\/archive.sana.sy\/tr\/wp-content\/uploads\/2015\/09\/\u062e\u0628\u0631-\u0627\u0644\u0632\u0628\u062f\u0627\u0646\u064a-6-9-2015.Still002-150x120.jpg 150w, https:\/\/archive.sana.sy\/tr\/wp-content\/uploads\/2015\/09\/\u062e\u0628\u0631-\u0627\u0644\u0632\u0628\u062f\u0627\u0646\u064a-6-9-2015.Still002.jpg 720w\" sizes=\"auto, (max-width: 300px) 100vw, 300px\" \/><\/a>\n\t\t\t<\/div><\/figure><figure class='gallery-item'>\n\t\t\t<div class='gallery-icon landscape'>\n\t\t\t\t<a href='https:\/\/archive.sana.sy\/tr\/wp-content\/uploads\/2015\/09\/\u062e\u0628\u0631-\u0627\u0644\u0632\u0628\u062f\u0627\u0646\u064a-6-9-2015.Still003.jpg'><img loading=\"lazy\" decoding=\"async\" width=\"300\" height=\"240\" src=\"https:\/\/archive.sana.sy\/tr\/wp-content\/uploads\/2015\/09\/\u062e\u0628\u0631-\u0627\u0644\u0632\u0628\u062f\u0627\u0646\u064a-6-9-2015.Still003-300x240.jpg\" class=\"attachment-medium size-medium\" alt=\"\" srcset=\"https:\/\/archive.sana.sy\/tr\/wp-content\/uploads\/2015\/09\/\u062e\u0628\u0631-\u0627\u0644\u0632\u0628\u062f\u0627\u0646\u064a-6-9-2015.Still003-300x240.jpg 300w, https:\/\/archive.sana.sy\/tr\/wp-content\/uploads\/2015\/09\/\u062e\u0628\u0631-\u0627\u0644\u0632\u0628\u062f\u0627\u0646\u064a-6-9-2015.Still003-150x120.jpg 150w, https:\/\/archive.sana.sy\/tr\/wp-content\/uploads\/2015\/09\/\u062e\u0628\u0631-\u0627\u0644\u0632\u0628\u062f\u0627\u0646\u064a-6-9-2015.Still003.jpg 720w\" sizes=\"auto, (max-width: 300px) 100vw, 300px\" \/><\/a>\n\t\t\t<\/div><\/figure><figure class='gallery-item'>\n\t\t\t<div class='gallery-icon landscape'>\n\t\t\t\t<a href='https:\/\/archive.sana.sy\/tr\/wp-content\/uploads\/2015\/09\/\u062e\u0628\u0631-\u0627\u0644\u0632\u0628\u062f\u0627\u0646\u064a-6-9-2015.Still004.jpg'><img loading=\"lazy\" decoding=\"async\" width=\"300\" height=\"240\" src=\"https:\/\/archive.sana.sy\/tr\/wp-content\/uploads\/2015\/09\/\u062e\u0628\u0631-\u0627\u0644\u0632\u0628\u062f\u0627\u0646\u064a-6-9-2015.Still004-300x240.jpg\" class=\"attachment-medium size-medium\" alt=\"\" srcset=\"https:\/\/archive.sana.sy\/tr\/wp-content\/uploads\/2015\/09\/\u062e\u0628\u0631-\u0627\u0644\u0632\u0628\u062f\u0627\u0646\u064a-6-9-2015.Still004-300x240.jpg 300w, https:\/\/archive.sana.sy\/tr\/wp-content\/uploads\/2015\/09\/\u062e\u0628\u0631-\u0627\u0644\u0632\u0628\u062f\u0627\u0646\u064a-6-9-2015.Still004-150x120.jpg 150w, https:\/\/archive.sana.sy\/tr\/wp-content\/uploads\/2015\/09\/\u062e\u0628\u0631-\u0627\u0644\u0632\u0628\u062f\u0627\u0646\u064a-6-9-2015.Still004.jpg 720w\" sizes=\"auto, (max-width: 300px) 100vw, 300px\" \/><\/a>\n\t\t\t<\/div><\/figure><figure class='gallery-item'>\n\t\t\t<div class='gallery-icon landscape'>\n\t\t\t\t<a href='https:\/\/archive.sana.sy\/tr\/wp-content\/uploads\/2015\/09\/\u062e\u0628\u0631-\u0627\u0644\u0632\u0628\u062f\u0627\u0646\u064a-6-9-2015.Still005.jpg'><img loading=\"lazy\" decoding=\"async\" width=\"300\" height=\"240\" src=\"https:\/\/archive.sana.sy\/tr\/wp-content\/uploads\/2015\/09\/\u062e\u0628\u0631-\u0627\u0644\u0632\u0628\u062f\u0627\u0646\u064a-6-9-2015.Still005-300x240.jpg\" class=\"attachment-medium size-medium\" alt=\"\" srcset=\"https:\/\/archive.sana.sy\/tr\/wp-content\/uploads\/2015\/09\/\u062e\u0628\u0631-\u0627\u0644\u0632\u0628\u062f\u0627\u0646\u064a-6-9-2015.Still005-300x240.jpg 300w, https:\/\/archive.sana.sy\/tr\/wp-content\/uploads\/2015\/09\/\u062e\u0628\u0631-\u0627\u0644\u0632\u0628\u062f\u0627\u0646\u064a-6-9-2015.Still005-150x120.jpg 150w, https:\/\/archive.sana.sy\/tr\/wp-content\/uploads\/2015\/09\/\u062e\u0628\u0631-\u0627\u0644\u0632\u0628\u062f\u0627\u0646\u064a-6-9-2015.Still005.jpg 720w\" sizes=\"auto, (max-width: 300px) 100vw, 300px\" \/><\/a>\n\t\t\t<\/div><\/figure><figure class='gallery-item'>\n\t\t\t<div class='gallery-icon landscape'>\n\t\t\t\t<a href='https:\/\/archive.sana.sy\/tr\/wp-content\/uploads\/2015\/09\/\u062e\u0628\u0631-\u0627\u0644\u0632\u0628\u062f\u0627\u0646\u064a-6-9-2015.Still006.jpg'><img loading=\"lazy\" decoding=\"async\" width=\"300\" height=\"240\" src=\"https:\/\/archive.sana.sy\/tr\/wp-content\/uploads\/2015\/09\/\u062e\u0628\u0631-\u0627\u0644\u0632\u0628\u062f\u0627\u0646\u064a-6-9-2015.Still006-300x240.jpg\" class=\"attachment-medium size-medium\" alt=\"\" srcset=\"https:\/\/archive.sana.sy\/tr\/wp-content\/uploads\/2015\/09\/\u062e\u0628\u0631-\u0627\u0644\u0632\u0628\u062f\u0627\u0646\u064a-6-9-2015.Still006-300x240.jpg 300w, https:\/\/archive.sana.sy\/tr\/wp-content\/uploads\/2015\/09\/\u062e\u0628\u0631-\u0627\u0644\u0632\u0628\u062f\u0627\u0646\u064a-6-9-2015.Still006-150x120.jpg 150w, https:\/\/archive.sana.sy\/tr\/wp-content\/uploads\/2015\/09\/\u062e\u0628\u0631-\u0627\u0644\u0632\u0628\u062f\u0627\u0646\u064a-6-9-2015.Still006.jpg 720w\" sizes=\"auto, (max-width: 300px) 100vw, 300px\" \/><\/a>\n\t\t\t<\/div><\/figure>\n\t\t<\/div>\n\n<p style=\"text-align: center\"><strong><span style=\"color: #0000ff\">\u00a0<\/span><\/strong><\/p>\n<p>R.H.<\/p>\n","protected":false},"excerpt":{"rendered":"<p>\u0130LLER \u2013 D\u0131\u015f g\u00fc\u00e7lerle ba\u011flant\u0131l\u0131 tekfirci ve vatan haini ter\u00f6r \u00f6rg\u00fctlere kar\u015f\u0131 operasyonlar\u0131n\u0131 s\u00fcrd\u00fcren ordu birliklerimiz bug\u00fcn cephane ve ter\u00f6rist ta\u015f\u0131yan ara\u00e7lar\u0131na ilaveten yuva ve toplanma yerlerini hedef almaya devam etti. LAZK\u0130YE: Lazkiye k\u0131rsal\u0131nda ise Erdo\u011fan rejimine tabi yabanc\u0131 uyruklu tekfircilere ve vatan hainlerine kar\u015f\u0131 operasyonlar\u0131n\u0131 s\u00fcrd\u00fcren ordu birliklerimizden askeri bir kaynak; Lazkiye Kentinin yakla\u015f\u0131k &hellip;<\/p>\n","protected":false},"author":1,"featured_media":45849,"comment_status":"closed","ping_status":"closed","sticky":false,"template":"","format":"standard","meta":{"footnotes":""},"categories":[575],"tags":[],"class_list":["post-45846","post","type-post","status-publish","format-standard","has-post-thumbnail","","category-olaylar-ve-gercekler"],"_links":{"self":[{"href":"https:\/\/archive.sana.sy\/tr\/index.php?rest_route=\/wp\/v2\/posts\/45846","targetHints":{"allow":["GET"]}}],"collection":[{"href":"https:\/\/archive.sana.sy\/tr\/index.php?rest_route=\/wp\/v2\/posts"}],"about":[{"href":"https:\/\/archive.sana.sy\/tr\/index.php?rest_route=\/wp\/v2\/types\/post"}],"author":[{"embeddable":true,"href":"https:\/\/archive.sana.sy\/tr\/index.php?rest_route=\/wp\/v2\/users\/1"}],"replies":[{"embeddable":true,"href":"https:\/\/archive.sana.sy\/tr\/index.php?rest_route=%2Fwp%2Fv2%2Fcomments&post=45846"}],"version-history":[{"count":0,"href":"https:\/\/archive.sana.sy\/tr\/index.php?rest_route=\/wp\/v2\/posts\/45846\/revisions"}],"wp:featuredmedia":[{"embeddable":true,"href":"https:\/\/archive.sana.sy\/tr\/index.php?rest_route=\/wp\/v2\/media\/45849"}],"wp:attachment":[{"href":"https:\/\/archive.sana.sy\/tr\/index.php?rest_route=%2Fwp%2Fv2%2Fmedia&parent=45846"}],"wp:term":[{"taxonomy":"category","embeddable":true,"href":"https:\/\/archive.sana.sy\/tr\/index.php?rest_route=%2Fwp%2Fv2%2Fcategories&post=45846"},{"taxonomy":"post_tag","embeddable":true,"href":"https:\/\/archive.sana.sy\/tr\/index.php?rest_route=%2Fwp%2Fv2%2Ftags&post=45846"}],"curies":[{"name":"wp","href":"https:\/\/api.w.org\/{rel}","templated":true}]}}