{"id":45870,"date":"2015-09-06T15:33:24","date_gmt":"2015-09-06T12:33:24","guid":{"rendered":"http:\/\/www.sana.sy\/tr\/?p=45870"},"modified":"2015-09-06T15:34:56","modified_gmt":"2015-09-06T12:34:56","slug":"kamisli-ve-malikide-19-bin-gida-paketi-dagitildi","status":"publish","type":"post","link":"https:\/\/archive.sana.sy\/tr\/?p=45870","title":{"rendered":"Kam\u0131\u015fl\u0131 ve Maliki\u2019de 19 bin G\u0131da Paketi Da\u011f\u0131t\u0131ld\u0131"},"content":{"rendered":"<p>HASEKE \u2013 \u0130nsani Yard\u0131m Komisyonunun Haseke ilindeki yan komitesi ge\u00e7en bir hafta boyunca Haseke ilinde ter\u00f6r ma\u011fduru ailelere 19 bin adet g\u0131da paketi da\u011f\u0131tt\u0131.<\/p>\n<p>Sosyal \u0130\u015fler Haseke il M\u00fcd\u00fcr\u00fc \u0130sam el H\u00fcseyin SANA\u2019ya a\u00e7\u0131klamas\u0131nda D\u00fcnya Sa\u011fl\u0131k \u00d6rg\u00fct\u00fc taraf\u0131ndan takdim edilen g\u0131da paketlerinin, ter\u00f6r eylemleri nedeniyle tehcir edilen ve Maliki ve k\u0131rsal\u0131n\u0131n yan\u0131 s\u0131ra Mabeda beldesi ve Kam\u0131\u015fl\u0131 Kentindeki ge\u00e7ici ikamet merkezlerinde bulunan ter\u00f6r ma\u011fduru ailelere da\u011f\u0131t\u0131ld\u0131\u011f\u0131n\u0131 belirtti.<\/p>\n<p>H\u00fczeyin a\u00e7\u0131klamas\u0131nda ayr\u0131ca Deyrezzor Kentindeki f\u0131r\u0131nlar\u0131n ihtiya\u00e7lar\u0131n\u0131 kar\u015f\u0131lama amac\u0131yla 50 paket hamur mayas\u0131n\u0131n g\u00f6nderildi\u011fini a\u00e7\u0131klad\u0131.<\/p>\n<p>D\u00fcnya Sa\u011fl\u0131k \u00d6rg\u00fct\u00fc A\u011fustos ay\u0131 i\u00e7erisinde Haseke ilinde mevcut ter\u00f6r ma\u011fduru ailelere 59 bin g\u0131da paketi takdim etti.<\/p>\n","protected":false},"excerpt":{"rendered":"<p>HASEKE \u2013 \u0130nsani Yard\u0131m Komisyonunun Haseke ilindeki yan komitesi ge\u00e7en bir hafta boyunca Haseke ilinde ter\u00f6r ma\u011fduru ailelere 19 bin adet g\u0131da paketi da\u011f\u0131tt\u0131. Sosyal \u0130\u015fler Haseke il M\u00fcd\u00fcr\u00fc \u0130sam el H\u00fcseyin SANA\u2019ya a\u00e7\u0131klamas\u0131nda D\u00fcnya Sa\u011fl\u0131k \u00d6rg\u00fct\u00fc taraf\u0131ndan takdim edilen g\u0131da paketlerinin, ter\u00f6r eylemleri nedeniyle tehcir edilen ve Maliki ve k\u0131rsal\u0131n\u0131n yan\u0131 s\u0131ra Mabeda beldesi &hellip;<\/p>\n","protected":false},"author":1,"featured_media":31210,"comment_status":"closed","ping_status":"closed","sticky":false,"template":"","format":"standard","meta":{"footnotes":""},"categories":[479,478],"tags":[16600],"class_list":["post-45870","post","type-post","status-publish","format-standard","has-post-thumbnail","","category-haberler-yerel","category-yerel","tag-kamisli-ve-malikide-19-bin-gida-paketi-dagitildi"],"_links":{"self":[{"href":"https:\/\/archive.sana.sy\/tr\/index.php?rest_route=\/wp\/v2\/posts\/45870","targetHints":{"allow":["GET"]}}],"collection":[{"href":"https:\/\/archive.sana.sy\/tr\/index.php?rest_route=\/wp\/v2\/posts"}],"about":[{"href":"https:\/\/archive.sana.sy\/tr\/index.php?rest_route=\/wp\/v2\/types\/post"}],"author":[{"embeddable":true,"href":"https:\/\/archive.sana.sy\/tr\/index.php?rest_route=\/wp\/v2\/users\/1"}],"replies":[{"embeddable":true,"href":"https:\/\/archive.sana.sy\/tr\/index.php?rest_route=%2Fwp%2Fv2%2Fcomments&post=45870"}],"version-history":[{"count":0,"href":"https:\/\/archive.sana.sy\/tr\/index.php?rest_route=\/wp\/v2\/posts\/45870\/revisions"}],"wp:featuredmedia":[{"embeddable":true,"href":"https:\/\/archive.sana.sy\/tr\/index.php?rest_route=\/wp\/v2\/media\/31210"}],"wp:attachment":[{"href":"https:\/\/archive.sana.sy\/tr\/index.php?rest_route=%2Fwp%2Fv2%2Fmedia&parent=45870"}],"wp:term":[{"taxonomy":"category","embeddable":true,"href":"https:\/\/archive.sana.sy\/tr\/index.php?rest_route=%2Fwp%2Fv2%2Fcategories&post=45870"},{"taxonomy":"post_tag","embeddable":true,"href":"https:\/\/archive.sana.sy\/tr\/index.php?rest_route=%2Fwp%2Fv2%2Ftags&post=45870"}],"curies":[{"name":"wp","href":"https:\/\/api.w.org\/{rel}","templated":true}]}}