{"id":45970,"date":"2015-09-07T13:55:41","date_gmt":"2015-09-07T10:55:41","guid":{"rendered":"http:\/\/sana.sy\/tr\/?p=45970"},"modified":"2015-09-07T13:55:41","modified_gmt":"2015-09-07T10:55:41","slug":"multeci-sorununun-asil-nedeni-teror-ve-terore-destegi-kesmek-gerekiyor","status":"publish","type":"post","link":"https:\/\/archive.sana.sy\/tr\/?p=45970","title":{"rendered":"M\u00fclteci Sorununun As\u0131l Nedeni Ter\u00f6r ve Ter\u00f6re Deste\u011fi Kesmek Gerekiyor"},"content":{"rendered":"<p>BRAT\u0130SLAVA \u2013 Slovakya Ba\u015fbakan\u0131 Robert Fico Ortado\u011fu\u2019dan Avrupa \u00fclkelerine ya\u015fanan m\u00fclteci meselesinin temel nedeninin, Bat\u0131l\u0131 devletlerin Libya\u2019y\u0131 yerle bir etmelerine ilaveten Suriye&#8217;ye silah ve ter\u00f6rist g\u00f6ndermelerinden kaynakl\u0131 oldu\u011funu belirtti.<\/p>\n<p>Slovakya Radyosuna bug\u00fcn yapt\u0131\u011f\u0131 a\u00e7\u0131klamada Ba\u015fbakan Fico; m\u00fclteci meselesi k\u00f6k\u00fcn\u00fcn, Bat\u0131l\u0131 devletlerin ter\u00f6r \u00f6rg\u00fctleri desteklemekle kas\u0131tl\u0131 olarak g\u00fcvenlik ve istikrar\u0131 Ortado\u011fu \u00fclkelerinde sabote etmelerine dayand\u0131\u011f\u0131n\u0131 s\u00f6yledi. Fico Avrupa devletlerinin ger\u00e7ekten bu meseleye \u00e7\u00f6z\u00fcm bulmay\u0131 istemeleri halinde Ortado\u011fu \u00fclkelerinde g\u00fcvenlik ve istikrar\u0131n sa\u011flanmas\u0131na ciddi ve d\u00fcr\u00fcst bir \u015fekilde \u00e7aba vermeleri, ter\u00f6r\u00fc destekleyen devletlerinde bu desteklerini kesmelerine zorlamalar\u0131 gerekti\u011finin alt\u0131n\u0131 \u00e7izdi.<\/p>\n<p>\u00c7ek Cumhuriyeti Ba\u015fbakan\u0131 Bohslav Sobotka da d\u00fcn benzer a\u00e7\u0131klamalarda bulunmu\u015ftu. M\u00fclteci meselesinin temel nedeninin Ortado\u011fu&#8217;da ter\u00f6r ve bu ter\u00f6re destek oldu\u011funu belirten Sobotka, bu meselenin \u00e7\u00f6z\u00fcm\u00fc i\u00e7in ter\u00f6r\u00fcn kayna\u011f\u0131n\u0131, finans\u0131n\u0131 ve her t\u00fcrl\u00fc deste\u011fine son verme gere\u011finin alt\u0131n\u0131 \u00e7izmi\u015fti.<\/p>\n","protected":false},"excerpt":{"rendered":"<p>BRAT\u0130SLAVA \u2013 Slovakya Ba\u015fbakan\u0131 Robert Fico Ortado\u011fu\u2019dan Avrupa \u00fclkelerine ya\u015fanan m\u00fclteci meselesinin temel nedeninin, Bat\u0131l\u0131 devletlerin Libya\u2019y\u0131 yerle bir etmelerine ilaveten Suriye&#8217;ye silah ve ter\u00f6rist g\u00f6ndermelerinden kaynakl\u0131 oldu\u011funu belirtti. Slovakya Radyosuna bug\u00fcn yapt\u0131\u011f\u0131 a\u00e7\u0131klamada Ba\u015fbakan Fico; m\u00fclteci meselesi k\u00f6k\u00fcn\u00fcn, Bat\u0131l\u0131 devletlerin ter\u00f6r \u00f6rg\u00fctleri desteklemekle kas\u0131tl\u0131 olarak g\u00fcvenlik ve istikrar\u0131 Ortado\u011fu \u00fclkelerinde sabote etmelerine dayand\u0131\u011f\u0131n\u0131 s\u00f6yledi. &hellip;<\/p>\n","protected":false},"author":1,"featured_media":45974,"comment_status":"closed","ping_status":"closed","sticky":false,"template":"","format":"standard","meta":{"footnotes":""},"categories":[458,459,447],"tags":[16606,16605],"class_list":["post-45970","post","type-post","status-publish","format-standard","has-post-thumbnail","","category-dunya1","category-haberler-arap-uluslararasi-politika","category-politika","tag-batili-devletlerin-libyayi-yerle-bir-etmelerine-ilaveten-suriyeye-silah-ve-terorist-gondermelerinden-kaynakli-oldugunu-belirtti","tag-multeci-sorununun-asil-nedeni-teror-ve-terore-destegi-kesmek-gerekiyor-bratislava-slovakya-basbakani-robert-fico-ortadogudan-avrupa-ulkelerine-yasanan-multeci-meselesinin-temel-nede"],"_links":{"self":[{"href":"https:\/\/archive.sana.sy\/tr\/index.php?rest_route=\/wp\/v2\/posts\/45970","targetHints":{"allow":["GET"]}}],"collection":[{"href":"https:\/\/archive.sana.sy\/tr\/index.php?rest_route=\/wp\/v2\/posts"}],"about":[{"href":"https:\/\/archive.sana.sy\/tr\/index.php?rest_route=\/wp\/v2\/types\/post"}],"author":[{"embeddable":true,"href":"https:\/\/archive.sana.sy\/tr\/index.php?rest_route=\/wp\/v2\/users\/1"}],"replies":[{"embeddable":true,"href":"https:\/\/archive.sana.sy\/tr\/index.php?rest_route=%2Fwp%2Fv2%2Fcomments&post=45970"}],"version-history":[{"count":0,"href":"https:\/\/archive.sana.sy\/tr\/index.php?rest_route=\/wp\/v2\/posts\/45970\/revisions"}],"wp:featuredmedia":[{"embeddable":true,"href":"https:\/\/archive.sana.sy\/tr\/index.php?rest_route=\/wp\/v2\/media\/45974"}],"wp:attachment":[{"href":"https:\/\/archive.sana.sy\/tr\/index.php?rest_route=%2Fwp%2Fv2%2Fmedia&parent=45970"}],"wp:term":[{"taxonomy":"category","embeddable":true,"href":"https:\/\/archive.sana.sy\/tr\/index.php?rest_route=%2Fwp%2Fv2%2Fcategories&post=45970"},{"taxonomy":"post_tag","embeddable":true,"href":"https:\/\/archive.sana.sy\/tr\/index.php?rest_route=%2Fwp%2Fv2%2Ftags&post=45970"}],"curies":[{"name":"wp","href":"https:\/\/api.w.org\/{rel}","templated":true}]}}