{"id":45976,"date":"2015-09-07T14:16:47","date_gmt":"2015-09-07T11:16:47","guid":{"rendered":"http:\/\/www.sana.sy\/tr\/?p=45976"},"modified":"2015-09-07T14:16:47","modified_gmt":"2015-09-07T11:16:47","slug":"cete-liderlerinin-oldugunu-itiraf-ettiler","status":"publish","type":"post","link":"https:\/\/archive.sana.sy\/tr\/?p=45976","title":{"rendered":"\u00c7ete Liderlerinin \u00d6ld\u00fc\u011f\u00fcn\u00fc \u0130tiraf Ettiler"},"content":{"rendered":"<p>\u015eAM KIRSALI \u2013 \u015eam k\u0131rsal\u0131n\u0131n g\u00fcneybat\u0131s\u0131 Dareyya Kentindeki ter\u00f6r \u00e7eteleri \u2018Ecnad el \u015eam \u0130slami Birli\u011fi\u2019nin askeri komutan\u0131 olarak adland\u0131rd\u0131klar\u0131 \u2018Ebu Amir el Kefarsusani\u2019 kod ad\u0131yla bilinen az\u0131l\u0131 ter\u00f6r komutan\u0131n\u0131n \u00f6ld\u00fc\u011f\u00fcn\u00fc itiraf etti.<\/p>\n<p>S\u00f6z konusu ter\u00f6r komutan\u0131n\u0131n \u00f6l\u00fc g\u00f6r\u00fcnt\u00fclerini muhtelif medya ara\u00e7lar\u0131nda yay\u0131nlayan ter\u00f6ristler; \u2018Ebu Emir el Kefarsusani\u2019nin halefi Kasin Halava\u2019n\u0131n bir hafta \u00f6nce \u015eam k\u0131rsal\u0131 Haresta B\u00f6lgesinde yine Suriye ordusu taraf\u0131ndan \u00f6ld\u00fcr\u00fcld\u00fc\u011f\u00fcne dikkat \u00e7ekti.<\/p>\n<p>Ayn\u0131 ter\u00f6r \u00e7eteleri haberlerinde ordu birliklerimizin Dareyya Kentinde \u2018Ecnad el \u015eam \u0130slami Birli\u011fi\u2019 adl\u0131 ter\u00f6r \u00f6rg\u00fct\u00fcnden 12 ter\u00f6risti daha \u00f6ld\u00fcrd\u00fcklerini ifade ederken, bunlar\u0131n aras\u0131nda \u00d6mer Ebu Yasin, Ahmet Ebu Rami ve Bessam Ebu Ziya gibi tehlikeli isimlerin bulundu\u011funu a\u00e7\u0131klad\u0131.<\/p>\n","protected":false},"excerpt":{"rendered":"<p>\u015eAM KIRSALI \u2013 \u015eam k\u0131rsal\u0131n\u0131n g\u00fcneybat\u0131s\u0131 Dareyya Kentindeki ter\u00f6r \u00e7eteleri \u2018Ecnad el \u015eam \u0130slami Birli\u011fi\u2019nin askeri komutan\u0131 olarak adland\u0131rd\u0131klar\u0131 \u2018Ebu Amir el Kefarsusani\u2019 kod ad\u0131yla bilinen az\u0131l\u0131 ter\u00f6r komutan\u0131n\u0131n \u00f6ld\u00fc\u011f\u00fcn\u00fc itiraf etti. S\u00f6z konusu ter\u00f6r komutan\u0131n\u0131n \u00f6l\u00fc g\u00f6r\u00fcnt\u00fclerini muhtelif medya ara\u00e7lar\u0131nda yay\u0131nlayan ter\u00f6ristler; \u2018Ebu Emir el Kefarsusani\u2019nin halefi Kasin Halava\u2019n\u0131n bir hafta \u00f6nce \u015eam k\u0131rsal\u0131 &hellip;<\/p>\n","protected":false},"author":1,"featured_media":45978,"comment_status":"closed","ping_status":"closed","sticky":false,"template":"","format":"standard","meta":{"footnotes":""},"categories":[479,575,478],"tags":[16607,16608,16609],"class_list":["post-45976","post","type-post","status-publish","format-standard","has-post-thumbnail","","category-haberler-yerel","category-olaylar-ve-gercekler","category-yerel","tag-cete-liderlerinin-oldugunu-itiraf-ettiler","tag-dareyya-kentindeki","tag-ecnad-el-sam-islami-birliginin-askeri-komutani-olarak-adlandirdiklari-ebu-amir-el-kefarsusani"],"_links":{"self":[{"href":"https:\/\/archive.sana.sy\/tr\/index.php?rest_route=\/wp\/v2\/posts\/45976","targetHints":{"allow":["GET"]}}],"collection":[{"href":"https:\/\/archive.sana.sy\/tr\/index.php?rest_route=\/wp\/v2\/posts"}],"about":[{"href":"https:\/\/archive.sana.sy\/tr\/index.php?rest_route=\/wp\/v2\/types\/post"}],"author":[{"embeddable":true,"href":"https:\/\/archive.sana.sy\/tr\/index.php?rest_route=\/wp\/v2\/users\/1"}],"replies":[{"embeddable":true,"href":"https:\/\/archive.sana.sy\/tr\/index.php?rest_route=%2Fwp%2Fv2%2Fcomments&post=45976"}],"version-history":[{"count":0,"href":"https:\/\/archive.sana.sy\/tr\/index.php?rest_route=\/wp\/v2\/posts\/45976\/revisions"}],"wp:featuredmedia":[{"embeddable":true,"href":"https:\/\/archive.sana.sy\/tr\/index.php?rest_route=\/wp\/v2\/media\/45978"}],"wp:attachment":[{"href":"https:\/\/archive.sana.sy\/tr\/index.php?rest_route=%2Fwp%2Fv2%2Fmedia&parent=45976"}],"wp:term":[{"taxonomy":"category","embeddable":true,"href":"https:\/\/archive.sana.sy\/tr\/index.php?rest_route=%2Fwp%2Fv2%2Fcategories&post=45976"},{"taxonomy":"post_tag","embeddable":true,"href":"https:\/\/archive.sana.sy\/tr\/index.php?rest_route=%2Fwp%2Fv2%2Ftags&post=45976"}],"curies":[{"name":"wp","href":"https:\/\/api.w.org\/{rel}","templated":true}]}}