{"id":4598,"date":"2014-07-04T22:16:56","date_gmt":"2014-07-04T19:16:56","guid":{"rendered":"http:\/\/www.sana.sy\/tr\/?p=4598"},"modified":"2014-07-04T22:16:56","modified_gmt":"2014-07-04T19:16:56","slug":"teroristleri-abd-ve-israil-egitti-turk-ve-suudili-taraflar-da-finanse-etti","status":"publish","type":"post","link":"https:\/\/archive.sana.sy\/tr\/?p=4598","title":{"rendered":"Ter\u00f6ristleri ABD ve \u0130srail E\u011fitti, T\u00fcrk ve Suudili Taraflar da Finanse Etti"},"content":{"rendered":"<p>MOSKOVA \u2013 \u00c7e\u00e7enistan Cumhurba\u015fkan\u0131 Ramazan Kadirov; ter\u00f6r \u00f6rg\u00fctlerinin Suriye ve Irak\u2019taki eylemlerini k\u0131narken; iki \u00fclkede ter\u00f6r eylemleri ve kanlar\u0131n ak\u0131t\u0131lmas\u0131na son verilme y\u00f6n\u00fcnde \u00e7al\u0131\u015fma davetinde bulundu.<\/p>\n<p>Ainstagram sosyal payla\u015f\u0131m sitesindeki sayfas\u0131nda bug\u00fcn payla\u015ft\u0131\u011f\u0131 a\u00e7\u0131klamada Kadirov; \u2018cihat\u2019 ad\u0131 alt\u0131nda sakallar\u0131n\u0131 uzatan ter\u00f6ristlerin ABD, \u0130srail ve Avrupal\u0131 istihbarat cihazlar\u0131 taraf\u0131ndan silah e\u011fitimi ald\u0131klar\u0131n\u0131 belirtti. Kadirov bu ter\u00f6ristlerin \u2018cihat\u2019 ad\u0131 alt\u0131nda Suriye ve Irak\u2019ta g\u00fcn\u00fc birlik olarak y\u00fczlerce masum insan\u0131 katlettiklerine dikkat \u00e7ekerken, Kaide \u00d6rg\u00fct\u00fc liderlerinin y\u00f6netimi alt\u0131nda bu ter\u00f6ristlerin Suudili ve di\u011fer Arap K\u00f6rfez \u00fclkelerinin yan\u0131 s\u0131ra T\u00fcrkiye&#8217;de kimi taraflarca finanse edildiklerinin alt\u0131n\u0131 \u00e7izdi.<\/p>\n<p>Kadirov; \u201cbana Suriye ve Irak\u2019ta ya\u015fananlar\u0131n yan\u0131 s\u0131ra \u2018Hilafet Devleti\u2019 olarak adland\u0131r\u0131lan olu\u015fumun te\u015fkil edilmesi konusundaki g\u00f6r\u00fc\u015f\u00fcm\u00fc soruyorlar. Bir Ms\u00fcl\u00fcman olarak t\u00fcm bu ya\u015fananlara ac\u0131 ve endi\u015feyle bak\u0131yorum. \u0130slam d\u00fc\u015fmanlar\u0131n\u0131n kiral\u0131k edatlar\u0131n elleriyle M\u00fcsl\u00fcmanlar\u0131 katlettiklerini ve zaman\u0131nda muazzam olan devletleri y\u0131kmalar\u0131n\u0131 g\u00f6rd\u00fck\u00e7e b\u00fcy\u00fck bir ac\u0131 ya\u015f\u0131yorum..\u201d ifadesini kulland\u0131.<\/p>\n","protected":false},"excerpt":{"rendered":"<p>MOSKOVA \u2013 \u00c7e\u00e7enistan Cumhurba\u015fkan\u0131 Ramazan Kadirov; ter\u00f6r \u00f6rg\u00fctlerinin Suriye ve Irak\u2019taki eylemlerini k\u0131narken; iki \u00fclkede ter\u00f6r eylemleri ve kanlar\u0131n ak\u0131t\u0131lmas\u0131na son verilme y\u00f6n\u00fcnde \u00e7al\u0131\u015fma davetinde bulundu. Ainstagram sosyal payla\u015f\u0131m sitesindeki sayfas\u0131nda bug\u00fcn payla\u015ft\u0131\u011f\u0131 a\u00e7\u0131klamada Kadirov; \u2018cihat\u2019 ad\u0131 alt\u0131nda sakallar\u0131n\u0131 uzatan ter\u00f6ristlerin ABD, \u0130srail ve Avrupal\u0131 istihbarat cihazlar\u0131 taraf\u0131ndan silah e\u011fitimi ald\u0131klar\u0131n\u0131 belirtti. Kadirov bu ter\u00f6ristlerin &hellip;<\/p>\n","protected":false},"author":1,"featured_media":4597,"comment_status":"closed","ping_status":"closed","sticky":false,"template":"","format":"standard","meta":{"footnotes":""},"categories":[458,459,447,584],"tags":[1003,1004],"class_list":["post-4598","post","type-post","status-publish","format-standard","has-post-thumbnail","","category-dunya1","category-haberler-arap-uluslararasi-politika","category-politika","category-yurtdisinda-sana-ofisleri","tag-teroristleri-abd-ve-israil-egitti","tag-turk-ve-suudili-taraflar-da-finanse-etti"],"_links":{"self":[{"href":"https:\/\/archive.sana.sy\/tr\/index.php?rest_route=\/wp\/v2\/posts\/4598","targetHints":{"allow":["GET"]}}],"collection":[{"href":"https:\/\/archive.sana.sy\/tr\/index.php?rest_route=\/wp\/v2\/posts"}],"about":[{"href":"https:\/\/archive.sana.sy\/tr\/index.php?rest_route=\/wp\/v2\/types\/post"}],"author":[{"embeddable":true,"href":"https:\/\/archive.sana.sy\/tr\/index.php?rest_route=\/wp\/v2\/users\/1"}],"replies":[{"embeddable":true,"href":"https:\/\/archive.sana.sy\/tr\/index.php?rest_route=%2Fwp%2Fv2%2Fcomments&post=4598"}],"version-history":[{"count":0,"href":"https:\/\/archive.sana.sy\/tr\/index.php?rest_route=\/wp\/v2\/posts\/4598\/revisions"}],"wp:featuredmedia":[{"embeddable":true,"href":"https:\/\/archive.sana.sy\/tr\/index.php?rest_route=\/wp\/v2\/media\/4597"}],"wp:attachment":[{"href":"https:\/\/archive.sana.sy\/tr\/index.php?rest_route=%2Fwp%2Fv2%2Fmedia&parent=4598"}],"wp:term":[{"taxonomy":"category","embeddable":true,"href":"https:\/\/archive.sana.sy\/tr\/index.php?rest_route=%2Fwp%2Fv2%2Fcategories&post=4598"},{"taxonomy":"post_tag","embeddable":true,"href":"https:\/\/archive.sana.sy\/tr\/index.php?rest_route=%2Fwp%2Fv2%2Ftags&post=4598"}],"curies":[{"name":"wp","href":"https:\/\/api.w.org\/{rel}","templated":true}]}}