{"id":45980,"date":"2015-09-07T14:40:26","date_gmt":"2015-09-07T11:40:26","guid":{"rendered":"http:\/\/www.sana.sy\/tr\/?p=45980"},"modified":"2015-09-09T19:39:46","modified_gmt":"2015-09-09T16:39:46","slug":"sivillere-yonelik-kor-ve-hain-saldirilari-devam-ediyor","status":"publish","type":"post","link":"https:\/\/archive.sana.sy\/tr\/?p=45980","title":{"rendered":"Sivillere Y\u00f6nelik K\u00f6r ve Hain Sald\u0131r\u0131lar\u0131 Devam Ediyor"},"content":{"rendered":"<p>\u015eAM \u2013 Suriyeli m\u00fclteciler meselesinde Suriye devletini su\u00e7layan rejimlerin destekledikleri ter\u00f6r \u00e7eteleri g\u00fcven ve istikrar i\u00e7inde ya\u015fayan b\u00f6lgeleri gaddar ve k\u00f6r sald\u0131r\u0131larla hedef almaya devam ediyor.<\/p>\n<p>\u015eam Emniyet M\u00fcd\u00fcrl\u00fc\u011f\u00fcnde bir kaynak bug\u00fcn yapt\u0131\u011f\u0131 a\u00e7\u0131klamada; Cobar ve Do\u011fu \u011euta b\u00f6lgelerinde mevcut ter\u00f6ristlerin ba\u015fkent \u015eam\u2019\u0131n sivil yerle\u015fim b\u00f6lgelerinden Bab Tuma ve Amara semtlerini yine havan roketleriyle hedef ald\u0131klar\u0131n\u0131 belirtti.<\/p>\n<p>Kaynak hain sald\u0131r\u0131larda 1 vatanda\u015f\u0131n \u015fehit, 14 vatanda\u015f\u0131n da yaral\u0131 d\u00fc\u015ft\u00fcklerini ifade ederken, evlerde b\u00fcy\u00fck maddi hasar\u0131n olu\u015ftu\u011funa da dikkat \u00e7ekti.<\/p>\n<p>Ayn\u0131 kaynak ba\u015fkent \u015eam\u2019\u0131n daha ba\u015fka b\u00f6lgelerinde de bug\u00fcn havan roketlerinin d\u00fc\u015ft\u00fc\u011f\u00fcn\u00fc belirtirken buralarda \u00f6zel ve kamu m\u00fclklerde maddi hasar\u0131n olu\u015ftu\u011funu s\u00f6yledi.<\/p>\n<div id='gallery-1' class='gallery galleryid-45980 gallery-columns-2 gallery-size-medium'><figure class='gallery-item'>\n\t\t\t<div class='gallery-icon landscape'>\n\t\t\t\t<a href='https:\/\/archive.sana.sy\/tr\/wp-content\/uploads\/2015\/09\/119.jpg'><img loading=\"lazy\" decoding=\"async\" width=\"300\" height=\"198\" src=\"https:\/\/archive.sana.sy\/tr\/wp-content\/uploads\/2015\/09\/119-300x198.jpg\" class=\"attachment-medium size-medium\" alt=\"\" srcset=\"https:\/\/archive.sana.sy\/tr\/wp-content\/uploads\/2015\/09\/119-300x198.jpg 300w, https:\/\/archive.sana.sy\/tr\/wp-content\/uploads\/2015\/09\/119-150x99.jpg 150w, https:\/\/archive.sana.sy\/tr\/wp-content\/uploads\/2015\/09\/119.jpg 960w\" sizes=\"auto, (max-width: 300px) 100vw, 300px\" \/><\/a>\n\t\t\t<\/div><\/figure><figure class='gallery-item'>\n\t\t\t<div class='gallery-icon portrait'>\n\t\t\t\t<a href='https:\/\/archive.sana.sy\/tr\/wp-content\/uploads\/2015\/09\/37.jpg'><img loading=\"lazy\" decoding=\"async\" width=\"202\" height=\"300\" src=\"https:\/\/archive.sana.sy\/tr\/wp-content\/uploads\/2015\/09\/37-202x300.jpg\" class=\"attachment-medium size-medium\" alt=\"\" srcset=\"https:\/\/archive.sana.sy\/tr\/wp-content\/uploads\/2015\/09\/37-202x300.jpg 202w, https:\/\/archive.sana.sy\/tr\/wp-content\/uploads\/2015\/09\/37-101x150.jpg 101w, https:\/\/archive.sana.sy\/tr\/wp-content\/uploads\/2015\/09\/37.jpg 467w\" sizes=\"auto, (max-width: 202px) 100vw, 202px\" \/><\/a>\n\t\t\t<\/div><\/figure>\n\t\t<\/div>\n\n","protected":false},"excerpt":{"rendered":"<p>\u015eAM \u2013 Suriyeli m\u00fclteciler meselesinde Suriye devletini su\u00e7layan rejimlerin destekledikleri ter\u00f6r \u00e7eteleri g\u00fcven ve istikrar i\u00e7inde ya\u015fayan b\u00f6lgeleri gaddar ve k\u00f6r sald\u0131r\u0131larla hedef almaya devam ediyor. \u015eam Emniyet M\u00fcd\u00fcrl\u00fc\u011f\u00fcnde bir kaynak bug\u00fcn yapt\u0131\u011f\u0131 a\u00e7\u0131klamada; Cobar ve Do\u011fu \u011euta b\u00f6lgelerinde mevcut ter\u00f6ristlerin ba\u015fkent \u015eam\u2019\u0131n sivil yerle\u015fim b\u00f6lgelerinden Bab Tuma ve Amara semtlerini yine havan roketleriyle hedef &hellip;<\/p>\n","protected":false},"author":1,"featured_media":45983,"comment_status":"closed","ping_status":"closed","sticky":false,"template":"","format":"standard","meta":{"footnotes":""},"categories":[575],"tags":[16611,16613,16612,16610],"class_list":["post-45980","post","type-post","status-publish","format-standard","has-post-thumbnail","","category-olaylar-ve-gercekler","tag-havan-roketleriyle","tag-ozel-ve-kamu-mulklerde-maddi-hasarin","tag-sehit","tag-sivillere-yonelik-kor-ve-hain-saldirilari-devam-ediyor"],"_links":{"self":[{"href":"https:\/\/archive.sana.sy\/tr\/index.php?rest_route=\/wp\/v2\/posts\/45980","targetHints":{"allow":["GET"]}}],"collection":[{"href":"https:\/\/archive.sana.sy\/tr\/index.php?rest_route=\/wp\/v2\/posts"}],"about":[{"href":"https:\/\/archive.sana.sy\/tr\/index.php?rest_route=\/wp\/v2\/types\/post"}],"author":[{"embeddable":true,"href":"https:\/\/archive.sana.sy\/tr\/index.php?rest_route=\/wp\/v2\/users\/1"}],"replies":[{"embeddable":true,"href":"https:\/\/archive.sana.sy\/tr\/index.php?rest_route=%2Fwp%2Fv2%2Fcomments&post=45980"}],"version-history":[{"count":0,"href":"https:\/\/archive.sana.sy\/tr\/index.php?rest_route=\/wp\/v2\/posts\/45980\/revisions"}],"wp:featuredmedia":[{"embeddable":true,"href":"https:\/\/archive.sana.sy\/tr\/index.php?rest_route=\/wp\/v2\/media\/45983"}],"wp:attachment":[{"href":"https:\/\/archive.sana.sy\/tr\/index.php?rest_route=%2Fwp%2Fv2%2Fmedia&parent=45980"}],"wp:term":[{"taxonomy":"category","embeddable":true,"href":"https:\/\/archive.sana.sy\/tr\/index.php?rest_route=%2Fwp%2Fv2%2Fcategories&post=45980"},{"taxonomy":"post_tag","embeddable":true,"href":"https:\/\/archive.sana.sy\/tr\/index.php?rest_route=%2Fwp%2Fv2%2Ftags&post=45980"}],"curies":[{"name":"wp","href":"https:\/\/api.w.org\/{rel}","templated":true}]}}