{"id":45988,"date":"2015-09-07T15:48:36","date_gmt":"2015-09-07T12:48:36","guid":{"rendered":"http:\/\/sana.sy\/tr\/?p=45988"},"modified":"2015-09-07T16:39:38","modified_gmt":"2015-09-07T13:39:38","slug":"onur-ve-direnisin-sembolu-haline-gelen-mukti-tutuklama-suresini-uzatti","status":"publish","type":"post","link":"https:\/\/archive.sana.sy\/tr\/?p=45988","title":{"rendered":"\u0130srail, Onur ve Direni\u015fin Sembol\u00fc Haline Gelen Mukt\u2019\u0131n Tutukluluk S\u00fcresini Uzatt\u0131"},"content":{"rendered":"<p>KUD\u00dcS \u2013 \u0130srail i\u015fgal otoriteleri Golanl\u0131 yurtta\u015f\u0131m\u0131z S\u0131dk\u0131 el Mukt\u2019\u0131 tutuklama s\u00fcresini 21 Ekim tarihine dek uzatma karar\u0131 ald\u0131.<\/p>\n<p>Herhangi bir kanuni gerek\u00e7e olmaks\u0131z\u0131n aylard\u0131r tutukevlerinde tuttu\u011fu Suriyeli esirlerin kurmay\u0131 Mukt\u2019\u0131 Nasira Kentinde s\u00f6zde Merkezi Mahkemeye \u00e7\u0131kartan siyonist otoriteler; bas\u0131n\u0131n ya da tutuklunun ailesinden kimsenin mahkemeye girmesine izin vermedi.<\/p>\n<p>27 y\u0131l hapishanelerinde esir tuttu\u011fu Mukt\u2019\u0131 2012 y\u0131l\u0131n\u0131n A\u011fustos ay\u0131nda serbest b\u0131rakan i\u015fgal otoriteleri bu y\u0131l\u0131n \u015eubat ay\u0131nda anavatan\u0131 Suriye ile dayan\u0131\u015fma su\u00e7uyla onu yeniden tutuklad\u0131.<\/p>\n","protected":false},"excerpt":{"rendered":"<p>KUD\u00dcS \u2013 \u0130srail i\u015fgal otoriteleri Golanl\u0131 yurtta\u015f\u0131m\u0131z S\u0131dk\u0131 el Mukt\u2019\u0131 tutuklama s\u00fcresini 21 Ekim tarihine dek uzatma karar\u0131 ald\u0131. Herhangi bir kanuni gerek\u00e7e olmaks\u0131z\u0131n aylard\u0131r tutukevlerinde tuttu\u011fu Suriyeli esirlerin kurmay\u0131 Mukt\u2019\u0131 Nasira Kentinde s\u00f6zde Merkezi Mahkemeye \u00e7\u0131kartan siyonist otoriteler; bas\u0131n\u0131n ya da tutuklunun ailesinden kimsenin mahkemeye girmesine izin vermedi. 27 y\u0131l hapishanelerinde esir tuttu\u011fu Mukt\u2019\u0131 &hellip;<\/p>\n","protected":false},"author":1,"featured_media":45989,"comment_status":"closed","ping_status":"closed","sticky":false,"template":"","format":"standard","meta":{"footnotes":""},"categories":[458,459,447],"tags":[16614],"class_list":["post-45988","post","type-post","status-publish","format-standard","has-post-thumbnail","","category-dunya1","category-haberler-arap-uluslararasi-politika","category-politika","tag-onur-ve-direnisin-sembolu-haline-gelen-mukti-tutuklama-suresini-uzatti"],"_links":{"self":[{"href":"https:\/\/archive.sana.sy\/tr\/index.php?rest_route=\/wp\/v2\/posts\/45988","targetHints":{"allow":["GET"]}}],"collection":[{"href":"https:\/\/archive.sana.sy\/tr\/index.php?rest_route=\/wp\/v2\/posts"}],"about":[{"href":"https:\/\/archive.sana.sy\/tr\/index.php?rest_route=\/wp\/v2\/types\/post"}],"author":[{"embeddable":true,"href":"https:\/\/archive.sana.sy\/tr\/index.php?rest_route=\/wp\/v2\/users\/1"}],"replies":[{"embeddable":true,"href":"https:\/\/archive.sana.sy\/tr\/index.php?rest_route=%2Fwp%2Fv2%2Fcomments&post=45988"}],"version-history":[{"count":0,"href":"https:\/\/archive.sana.sy\/tr\/index.php?rest_route=\/wp\/v2\/posts\/45988\/revisions"}],"wp:featuredmedia":[{"embeddable":true,"href":"https:\/\/archive.sana.sy\/tr\/index.php?rest_route=\/wp\/v2\/media\/45989"}],"wp:attachment":[{"href":"https:\/\/archive.sana.sy\/tr\/index.php?rest_route=%2Fwp%2Fv2%2Fmedia&parent=45988"}],"wp:term":[{"taxonomy":"category","embeddable":true,"href":"https:\/\/archive.sana.sy\/tr\/index.php?rest_route=%2Fwp%2Fv2%2Fcategories&post=45988"},{"taxonomy":"post_tag","embeddable":true,"href":"https:\/\/archive.sana.sy\/tr\/index.php?rest_route=%2Fwp%2Fv2%2Ftags&post=45988"}],"curies":[{"name":"wp","href":"https:\/\/api.w.org\/{rel}","templated":true}]}}