{"id":45991,"date":"2015-09-07T20:25:14","date_gmt":"2015-09-07T17:25:14","guid":{"rendered":"http:\/\/sana.sy\/tr\/?p=45991"},"modified":"2015-09-08T15:19:26","modified_gmt":"2015-09-08T12:19:26","slug":"vatan-koruyucularimiz-ulusal-duyarlilik-ve-kahramanlikla-operasyonlarini-surduruyor","status":"publish","type":"post","link":"https:\/\/archive.sana.sy\/tr\/?p=45991","title":{"rendered":"Vatan Koruyucular\u0131m\u0131z Ulusal Duyarl\u0131l\u0131k ve Kahramanl\u0131kla Operasyonlar\u0131n\u0131 S\u00fcrd\u00fcr\u00fcyor"},"content":{"rendered":"<p>\u0130LLER \u2013 Yurdun her kar\u0131\u015f topra\u011f\u0131nda vatan ve evlatlar\u0131n\u0131 savunmak i\u00e7in \u015fan ve onur destanlar\u0131 yazmaya devam eden vatan koruyucular\u0131 ordu birliklerimiz bug\u00fcn de muhtelif b\u00f6lgelerde Erdo\u011fan rejimi ve daha ba\u015fka kukla rejimlere tabi az\u0131l\u0131 ter\u00f6r \u00e7eteleri a\u011f\u0131r kay\u0131plara u\u011fratmaya devam etti.<\/p>\n<p><span style=\"color: #0000ff\">\u015eAM KIRSALI:<\/span><\/p>\n<p>\u015eam k\u0131rsal\u0131n\u0131n g\u00fcneyinde Kunaytra ve Dera il s\u0131n\u0131rlar\u0131na yak\u0131n b\u00f6lgelerde yine \u0130srail ve \u00dcrd\u00fcn rejiminin destekleri ve y\u00f6nlendirmeleriyle faaliyet g\u00f6steren ter\u00f6ristlere y\u00f6nelik operasyonlar\u0131nda ordu birliklerimiz; Beyt Cin Beldesinde toplanma yerleri ve cephane depolar\u0131n\u0131 imha etti.<\/p>\n<p>SANA\u2019ya a\u00e7\u0131klamas\u0131nda askeri kaynak Kaide \u00d6rg\u00fct\u00fcn\u00fcn Suriye kolu Nusra Cephesinin beldede mevcut toplanma yerleri ve karargahlar\u0131n\u0131n top ate\u015fine tutulmas\u0131yla \u00e7ok say\u0131da ter\u00f6ristin muhtelif t\u00fcr cephaneleriyle birlikte imha edildi\u011fini s\u00f6yledi.<\/p>\n<p>\u015eam k\u0131rsal\u0131n\u0131n bat\u0131s\u0131 Zebadani Kentinde ba\u015far\u0131yla ilerlemeye devam eden ordu birliklerimiz Seyalan Bulvar\u0131 yak\u0131nlar\u0131nda ter\u00f6ristlere ait b\u00fcy\u00fck miktarda m\u00fchimmat i\u00e7eren bir cephanelik ele ge\u00e7irdi. Saha kaynaklar\u0131 cephanelikte patlay\u0131c\u0131, bomba d\u00fczenekleri ve roketlerin bulundu\u011funu belirtti.<\/p>\n<p>Ordu birliklerimiz d\u00fcn ise Beyt Cin Beldesinin kuzeyindeki ormanl\u0131k b\u00f6lgelerden Herfa K\u00f6y\u00fc ormanl\u0131klar\u0131na s\u0131zmaya \u00e7al\u0131\u015fan ter\u00f6ristlerle s\u0131cak temasa girerek bir\u00e7o\u011funu \u00f6l\u00fc yaral\u0131 d\u00fc\u015f\u00fcrmeleri ard\u0131ndan sa\u011f kalan ter\u00f6ristler geri ka\u00e7m\u0131\u015flard\u0131.<\/p>\n<p>G\u00fcn i\u00e7erisinde SANA muhabirine a\u00e7\u0131klama yapan saha kaynaklar\u0131; ordu birliklerimizin Do\u011fu \u011euta\u2019n\u0131n g\u00fcneyi Deyr el Asafir \u00e7iftliklerinde ter\u00f6ristlerin mevkilerini hedef almalar\u0131yla havan ve roket imal edilin bir at\u00f6lyeyi imha edip 6 ter\u00f6risti \u00f6ld\u00fcrd\u00fcklerini ifade etti.<\/p>\n<p>Kaynaklar; ordu birliklerimizin \u015eam k\u0131rsal\u0131 Herasta B\u00f6lgesi Acemi Semtinde siperlenen ter\u00f6ristlere y\u00f6nelik nitelikli bir operasyonda Sudanl\u0131 Vakie Muhibullah, \u00dcrd\u00fcnl\u00fc Abd\u00fcrrahman Sakkal ve Filistinli S\u00fcleyman Debbur\u2019un aralar\u0131nda bulundu\u011fu birka\u00e7 ter\u00f6risti \u00f6ld\u00fcrd\u00fcklerini aktard\u0131.<\/p>\n<p>Kaynaklar; ordu birliklerimizin \u015eam k\u0131rsal\u0131 Duma Kentinin kuzeyine d\u00fc\u015fen \u00c2liye \u00e7iftliklerinde 3 ter\u00f6risti \u00f6ld\u00fcr\u00fcp havzalar\u0131ndaki silah ve m\u00fchimmat\u0131 imha etmelerine e\u015f zamanl\u0131 olarak Cisrin \u00e7iftliklerinde ter\u00f6ristlerin yuvalar\u0131n\u0131 muhtevalar\u0131yla birlikte yok ettiklerini s\u00f6yledi.<\/p>\n<p>Kaynaklar; hava g\u00fc\u00e7lerimizden destek alan ordu birliklerimizin \u015eam k\u0131rsal\u0131 Do\u011fu \u011euta\u2019n\u0131n k\u00f6y ve \u00e7iftliklerinde Nusra Cephesi, \u2018\u0130slam Ordusu\u2019 ve \u2018\u0130slam T\u00fcmeni\u2019ne tabi \u00e7etelere kar\u015f\u0131 operasyonlar\u0131n\u0131 s\u00fcrd\u00fcrd\u00fcklerini s\u00f6zlerine ekledi.<\/p>\n<p>Yan\u0131 s\u0131ra ordu birliklerimizin \u015eam k\u0131rsal\u0131 Bat\u0131 \u011euta\u2019n\u0131n Dareyya Kentine d\u00fc\u015fen Cemiyetler Semtindeki 3 bina blo\u011funu kontrollerine ald\u0131klar\u0131n\u0131 belirten kaynaklar; operasyonlarda \u2018Ecnad el \u015eam \u0130slami Birli\u011fi\u2019 askeri komutan\u0131 \u2018Ebu Amer el Kefarsosani\u2019ni \u00f6ld\u00fcrmelerine ek olarak 12 ter\u00f6risti su\u00e7 edatlar\u0131yla birlikte imha ettiklerini aktard\u0131.<\/p>\n<p>Bu arada \u015eam k\u0131rsal\u0131n\u0131n bat\u0131s\u0131 Berada Vadisinde yerel kaynaklar b\u00f6lgede bulunan muhtelif ter\u00f6r gruplar\u0131 aras\u0131ndaki anla\u015fmazl\u0131klar\u0131n silahl\u0131 \u00e7at\u0131\u015fmaya d\u00f6n\u00fc\u015fmesiyle aralar\u0131nda ter\u00f6r komutan\u0131 \u2018Bedevi\u2019 kod ad\u0131yla bilinen Yasir el \u00d6meri\u2019nin bulundu\u011fu bir\u00e7ok ter\u00f6ristin \u00f6ld\u00fc\u011f\u00fcn\u00fc aktard\u0131.<\/p>\n<div id='gallery-1' class='gallery galleryid-45991 gallery-columns-3 gallery-size-thumbnail'><figure class='gallery-item'>\n\t\t\t<div class='gallery-icon landscape'>\n\t\t\t\t<a href='https:\/\/archive.sana.sy\/tr\/wp-content\/uploads\/2015\/09\/Zebadani-1.jpg'><img loading=\"lazy\" decoding=\"async\" width=\"150\" height=\"100\" src=\"https:\/\/archive.sana.sy\/tr\/wp-content\/uploads\/2015\/09\/Zebadani-1-150x100.jpg\" class=\"attachment-thumbnail size-thumbnail\" alt=\"\" srcset=\"https:\/\/archive.sana.sy\/tr\/wp-content\/uploads\/2015\/09\/Zebadani-1-150x100.jpg 150w, https:\/\/archive.sana.sy\/tr\/wp-content\/uploads\/2015\/09\/Zebadani-1-300x199.jpg 300w, https:\/\/archive.sana.sy\/tr\/wp-content\/uploads\/2015\/09\/Zebadani-1.jpg 605w\" sizes=\"auto, (max-width: 150px) 100vw, 150px\" \/><\/a>\n\t\t\t<\/div><\/figure><figure class='gallery-item'>\n\t\t\t<div class='gallery-icon landscape'>\n\t\t\t\t<a href='https:\/\/archive.sana.sy\/tr\/wp-content\/uploads\/2015\/09\/Zebadani-2.jpg'><img loading=\"lazy\" decoding=\"async\" width=\"150\" height=\"92\" src=\"https:\/\/archive.sana.sy\/tr\/wp-content\/uploads\/2015\/09\/Zebadani-2-150x92.jpg\" class=\"attachment-thumbnail size-thumbnail\" alt=\"\" srcset=\"https:\/\/archive.sana.sy\/tr\/wp-content\/uploads\/2015\/09\/Zebadani-2-150x92.jpg 150w, https:\/\/archive.sana.sy\/tr\/wp-content\/uploads\/2015\/09\/Zebadani-2-300x185.jpg 300w, https:\/\/archive.sana.sy\/tr\/wp-content\/uploads\/2015\/09\/Zebadani-2.jpg 620w\" sizes=\"auto, (max-width: 150px) 100vw, 150px\" \/><\/a>\n\t\t\t<\/div><\/figure><figure class='gallery-item'>\n\t\t\t<div class='gallery-icon landscape'>\n\t\t\t\t<a href='https:\/\/archive.sana.sy\/tr\/wp-content\/uploads\/2015\/09\/Zebadani-3.jpg'><img loading=\"lazy\" decoding=\"async\" width=\"150\" height=\"90\" src=\"https:\/\/archive.sana.sy\/tr\/wp-content\/uploads\/2015\/09\/Zebadani-3-150x90.jpg\" class=\"attachment-thumbnail size-thumbnail\" alt=\"\" srcset=\"https:\/\/archive.sana.sy\/tr\/wp-content\/uploads\/2015\/09\/Zebadani-3-150x90.jpg 150w, https:\/\/archive.sana.sy\/tr\/wp-content\/uploads\/2015\/09\/Zebadani-3-300x180.jpg 300w, https:\/\/archive.sana.sy\/tr\/wp-content\/uploads\/2015\/09\/Zebadani-3.jpg 607w\" sizes=\"auto, (max-width: 150px) 100vw, 150px\" \/><\/a>\n\t\t\t<\/div><\/figure><figure class='gallery-item'>\n\t\t\t<div class='gallery-icon landscape'>\n\t\t\t\t<a href='https:\/\/archive.sana.sy\/tr\/wp-content\/uploads\/2015\/09\/Zebadani-4.jpg'><img loading=\"lazy\" decoding=\"async\" width=\"150\" height=\"84\" src=\"https:\/\/archive.sana.sy\/tr\/wp-content\/uploads\/2015\/09\/Zebadani-4-150x84.jpg\" class=\"attachment-thumbnail size-thumbnail\" alt=\"\" srcset=\"https:\/\/archive.sana.sy\/tr\/wp-content\/uploads\/2015\/09\/Zebadani-4-150x84.jpg 150w, https:\/\/archive.sana.sy\/tr\/wp-content\/uploads\/2015\/09\/Zebadani-4-300x168.jpg 300w, https:\/\/archive.sana.sy\/tr\/wp-content\/uploads\/2015\/09\/Zebadani-4.jpg 798w\" sizes=\"auto, (max-width: 150px) 100vw, 150px\" \/><\/a>\n\t\t\t<\/div><\/figure><figure class='gallery-item'>\n\t\t\t<div class='gallery-icon landscape'>\n\t\t\t\t<a href='https:\/\/archive.sana.sy\/tr\/wp-content\/uploads\/2015\/09\/Zebadani-5.jpg'><img loading=\"lazy\" decoding=\"async\" width=\"150\" height=\"88\" src=\"https:\/\/archive.sana.sy\/tr\/wp-content\/uploads\/2015\/09\/Zebadani-5-150x88.jpg\" class=\"attachment-thumbnail size-thumbnail\" alt=\"\" srcset=\"https:\/\/archive.sana.sy\/tr\/wp-content\/uploads\/2015\/09\/Zebadani-5-150x88.jpg 150w, https:\/\/archive.sana.sy\/tr\/wp-content\/uploads\/2015\/09\/Zebadani-5-300x176.jpg 300w, https:\/\/archive.sana.sy\/tr\/wp-content\/uploads\/2015\/09\/Zebadani-5.jpg 689w\" sizes=\"auto, (max-width: 150px) 100vw, 150px\" \/><\/a>\n\t\t\t<\/div><\/figure>\n\t\t<\/div>\n\n<p><span style=\"color: #0000ff\">LAZK\u0130YE:<\/span><\/p>\n<p>Lazkiye k\u0131rsal\u0131nda Erdo\u011fan rejiminden s\u0131n\u0131rs\u0131z destek alan ve onun komutas\u0131nda ter\u00f6r estiren \u00e7etelere kar\u015f\u0131 operasyonlarda bulunan askeri bir kaynak; hava g\u00fc\u00e7lerimizin bug\u00fcn Vadi Basur K\u00f6y\u00fcnde nitelikli operasyonlarda bulunduklar\u0131n\u0131 belirtti.<\/p>\n<p>SANA\u2019ya a\u00e7\u0131klamas\u0131nda kaynak 3 T\u00fcrkiyelinin yan\u0131 s\u0131ra yabanc\u0131 uyruklu 3 ter\u00f6r komutan\u0131 ve 5 Suudilinin bulundu\u011fu toplam 11 ter\u00f6ristin \u00f6ld\u00fcr\u00fcld\u00fc\u011f\u00fcn\u00fc, z\u0131rhl\u0131 5 arac\u0131n da muhtevalar\u0131yla birlikte imha edildiklerini aktard\u0131.<\/p>\n<p>Kensabba Beldesinde de y\u00fcksek say\u0131da ter\u00f6ristin \u00f6ld\u00fcr\u00fcld\u00fc\u011f\u00fcn\u00fc belirten kaynak; yine b\u00fcy\u00fck miktarda ve muhtelif t\u00fcrlerde cephaneleri ve ara\u00e7lar\u0131n\u0131n imha edildi\u011fini aktard\u0131.<\/p>\n<p>B\u00f6lgede yerel kaynaklar Erdo\u011fan rejiminin destekledi\u011fi ter\u00f6ristlerin s\u0131n\u0131r b\u00f6lgelerde T\u00fcrkiye otoritelerinin g\u00f6z\u00fc \u00f6n\u00fcnde gayr\u0131 me\u015fru ge\u00e7itler a\u00e7t\u0131klar\u0131n\u0131 ve ter\u00f6r mevkileri olu\u015fturduklar\u0131na dikkat \u00e7ekerlerken; yaral\u0131lar\u0131n\u0131 s\u0131n\u0131r \u00f6tesine ta\u015f\u0131ma ve T\u00fcrkiye&#8217;den be\u015feri ve askeri destek almada bu yasad\u0131\u015f\u0131 ge\u00e7itleri kulland\u0131klar\u0131n\u0131n alt\u0131n\u0131 \u00e7izdi.<\/p>\n<p><span style=\"color: #0000ff;line-height: 1.5\">\u0130DL\u0130B:<\/span><\/p>\n<p>\u0130dlib\u2019te Erdo\u011fan rejiminin her t\u00fcrl\u00fc deste\u011fi sa\u011flad\u0131\u011f\u0131 ve Suudi rejiminin finanse etti\u011fi \u2018Fetih Ordusu\u2019 katillerine kar\u015f\u0131 operasyonlar kapsam\u0131nda hava g\u00fc\u00e7lerimiz bug\u00fcn Movzra, Arnaba, Beylon ve Merata b\u00f6lgelerinde toplanma yerleri ve ara\u00e7lar\u0131n\u0131 imha ederek onlarcas\u0131n\u0131 \u00f6l\u00fc yaral\u0131 d\u00fc\u015f\u00fcrd\u00fc.<\/p>\n<p>Yerel kaynaklar SANA\u2019ya a\u00e7\u0131klamalar\u0131nda \u0130dlib iline tabi Ariha Kentinin ortalar\u0131nda el \u015eami Hastanesi yak\u0131nlar\u0131nda ordu birliklerimizin \u2018Fetih Ordusu\u2019 ad\u0131 alt\u0131ndaki az\u0131l\u0131 ter\u00f6ristlerin bir toplanma yerini hedef alan nitelikli operasyonunda 40\u2019tan fazla ter\u00f6ristin \u00f6ld\u00fcr\u00fcld\u00fc\u011f\u00fcn\u00fc belirtti.<\/p>\n<p>Ter\u00f6r \u00e7eteleri ise medya ara\u00e7lar\u0131nda Nusra Cephesine tabi Be\u015fir T\u0131bbiye ve \u2018Ebu Huzeyfa el Masri\u2019 kod ad\u0131yla bilinen tehlikeli ter\u00f6ristlerin aralar\u0131nda bulundu\u011fu \u00e7ok say\u0131da tekfircinin ordu operasyonlar\u0131nda \u00f6ld\u00fcklerini itiraf etti.<\/p>\n<p><span style=\"color: #0000ff\">HOMS:<\/span><\/p>\n<p>Homs k\u0131rsal\u0131n\u0131n do\u011fusu Tedmur\u2019un 10 km bat\u0131s\u0131 Beyyarat B\u00f6lgesinde I\u015e\u0130D\u2019li bir grup ter\u00f6ristle s\u0131cak temasa giren ordu birliklerimiz, grupta bulunan 11 ter\u00f6risti \u00f6l\u00fc d\u00fc\u015f\u00fcrmeleri ard\u0131ndan havzalar\u0131nda bulunan muhtelif t\u00fcr b\u00fcy\u00fck miktarda silah ve m\u00fchimmata el koydu.<\/p>\n<p>G\u00fcn\u00fcn ilerleyen saatlerinde a\u00e7\u0131klama yapan saha kaynaklar\u0131; ordu birliklerimizin Homs k\u0131rsal\u0131n\u0131n do\u011fusu Cezl Petrol Platformu y\u00f6n\u00fcne s\u0131zmaya \u00e7al\u0131\u015fan I\u015e\u0130D \u00e7eteleriyle \u015fiddetli \u00e7at\u0131\u015fmaya girdiklerini belirtti. Kaynaklar; \u00e7at\u0131\u015fmalarda \u00e7ok say\u0131da ter\u00f6ristin \u00f6l\u00fc ve yaral\u0131 d\u00fc\u015f\u00fcr\u00fcld\u00fc\u011f\u00fcn\u00fc, sa\u011f kalanlar\u0131n b\u00f6lgede \u00e7\u00f6l\u00fcn derinliklerine do\u011fru ka\u00e7t\u0131klar\u0131na dikkat \u00e7ekti.<\/p>\n<p><span style=\"color: #0000ff\">DERA:<\/span><\/p>\n<p>Dera\u2019da \u0130srail, \u00dcrd\u00fcn ve daha ba\u015fka kimi rejimlere tabi istihbarat cihazlar\u0131n\u0131n komuta ve deste\u011fiyle faaliyet g\u00f6steren Kaide \u00d6rg\u00fct\u00fcn\u00fcn Suriye kolu Nusra Cephesi, Ahrar el \u015eam \u0130slami Hareketi ve daha ba\u015fka adlar alt\u0131ndaki ter\u00f6r \u00f6rg\u00fctlere y\u00f6nelik operasyonlar ba\u015far\u0131yla devam ediyor.<\/p>\n<p>Askeri bir kaynak Dera kentinin yakla\u015f\u0131k 60 km kuzeyine d\u00fc\u015fen Zemrin K\u00f6y\u00fcn\u00fcn kuzey tepesinde ter\u00f6ristlerin yuva ve ara\u00e7lar\u0131n\u0131n top ate\u015fiyle imha edilmeleriyle bir\u00e7ok ter\u00f6ristin te\u00e7hizatlar\u0131yla birlikte etkisizle\u015ftirildiklerini belirtti.<\/p>\n<p>Kaynak \u00dcrd\u00fcn s\u0131n\u0131rlar\u0131na yak\u0131nl\u0131\u011f\u0131 nedeniyle \u00e7etelerin ana karargahlar\u0131ndan biri say\u0131lan Dera Beled\u2019in muhtelif b\u00f6lgelerinde de ter\u00f6ristlerin toplanma yerleri ve hareketlerinin top ate\u015fiyle hedef al\u0131nd\u0131\u011f\u0131n\u0131 belirtirken, buralarda da \u00e7ok say\u0131da ter\u00f6ristin \u00f6l\u00fc yaral\u0131 d\u00fc\u015f\u00fcr\u00fcld\u00fc\u011f\u00fcn\u00fc s\u00f6yledi.<\/p>\n<p>https:\/\/www.youtube.com\/watch?v=Q1wMogKstw8<\/p>\n<p>M.M. &#8211; R.H.<\/p>\n","protected":false},"excerpt":{"rendered":"<p>\u0130LLER \u2013 Yurdun her kar\u0131\u015f topra\u011f\u0131nda vatan ve evlatlar\u0131n\u0131 savunmak i\u00e7in \u015fan ve onur destanlar\u0131 yazmaya devam eden vatan koruyucular\u0131 ordu birliklerimiz bug\u00fcn de muhtelif b\u00f6lgelerde Erdo\u011fan rejimi ve daha ba\u015fka kukla rejimlere tabi az\u0131l\u0131 ter\u00f6r \u00e7eteleri a\u011f\u0131r kay\u0131plara u\u011fratmaya devam etti. \u015eAM KIRSALI: \u015eam k\u0131rsal\u0131n\u0131n g\u00fcneyinde Kunaytra ve Dera il s\u0131n\u0131rlar\u0131na yak\u0131n b\u00f6lgelerde yine &hellip;<\/p>\n","protected":false},"author":1,"featured_media":46026,"comment_status":"closed","ping_status":"closed","sticky":false,"template":"","format":"standard","meta":{"footnotes":""},"categories":[575],"tags":[16615],"class_list":["post-45991","post","type-post","status-publish","format-standard","has-post-thumbnail","","category-olaylar-ve-gercekler","tag-vatan-koruyucularimiz-ulusal-duyarlilik-ve-kahramanlikla-operasyonlarini-surduruyor"],"_links":{"self":[{"href":"https:\/\/archive.sana.sy\/tr\/index.php?rest_route=\/wp\/v2\/posts\/45991","targetHints":{"allow":["GET"]}}],"collection":[{"href":"https:\/\/archive.sana.sy\/tr\/index.php?rest_route=\/wp\/v2\/posts"}],"about":[{"href":"https:\/\/archive.sana.sy\/tr\/index.php?rest_route=\/wp\/v2\/types\/post"}],"author":[{"embeddable":true,"href":"https:\/\/archive.sana.sy\/tr\/index.php?rest_route=\/wp\/v2\/users\/1"}],"replies":[{"embeddable":true,"href":"https:\/\/archive.sana.sy\/tr\/index.php?rest_route=%2Fwp%2Fv2%2Fcomments&post=45991"}],"version-history":[{"count":0,"href":"https:\/\/archive.sana.sy\/tr\/index.php?rest_route=\/wp\/v2\/posts\/45991\/revisions"}],"wp:featuredmedia":[{"embeddable":true,"href":"https:\/\/archive.sana.sy\/tr\/index.php?rest_route=\/wp\/v2\/media\/46026"}],"wp:attachment":[{"href":"https:\/\/archive.sana.sy\/tr\/index.php?rest_route=%2Fwp%2Fv2%2Fmedia&parent=45991"}],"wp:term":[{"taxonomy":"category","embeddable":true,"href":"https:\/\/archive.sana.sy\/tr\/index.php?rest_route=%2Fwp%2Fv2%2Fcategories&post=45991"},{"taxonomy":"post_tag","embeddable":true,"href":"https:\/\/archive.sana.sy\/tr\/index.php?rest_route=%2Fwp%2Fv2%2Ftags&post=45991"}],"curies":[{"name":"wp","href":"https:\/\/api.w.org\/{rel}","templated":true}]}}