{"id":45995,"date":"2015-09-07T16:07:21","date_gmt":"2015-09-07T13:07:21","guid":{"rendered":"http:\/\/sana.sy\/tr\/?p=45995"},"modified":"2015-09-07T16:07:21","modified_gmt":"2015-09-07T13:07:21","slug":"lavrovdan-kerrye-terorle-mucadelesinde-askeri-techizat-gondermekten-korkmuyoruz","status":"publish","type":"post","link":"https:\/\/archive.sana.sy\/tr\/?p=45995","title":{"rendered":"Lavrov\u2019dan Kerry\u2019e: Ter\u00f6rle M\u00fccadelesinde Askeri Te\u00e7hizat G\u00f6ndermekten Korkmuyoruz"},"content":{"rendered":"<p>MOSKOVA \u2013 Rusya D\u0131\u015fi\u015fleri Bakan\u0131 Sergey Lavrov ABD\u2019li mevkida\u015f\u0131 John Kerry\u2019nin a\u00e7\u0131klamalar\u0131na cevaben; \u2018Rusya&#8217;n\u0131n, Suriye&#8217;ye ter\u00f6rle m\u00fccadelesinde destek ama\u00e7l\u0131 olarak askeri te\u00e7hizat temin etmesinden kesinlikle korkmad\u0131\u011f\u0131n\u0131 belirtti.<\/p>\n<p>Rusya D\u0131\u015fi\u015fleri Bakanl\u0131\u011f\u0131 resmi s\u00f6zc\u00fcs\u00fc Maria Zakharova Kerry\u2019nin son olarak Cumartesi g\u00fcn\u00fc Lavrov ile bulundu\u011fu telefon g\u00f6r\u00fc\u015fmesinde Rusya&#8217;n\u0131n ter\u00f6rle m\u00fccadelesinde Suriye&#8217;ye sa\u011flad\u0131\u011f\u0131 deste\u011fin ger\u00e7e\u011fi hakk\u0131nda bilgi ald\u0131\u011f\u0131n\u0131 s\u00f6yledi. Zakharova Lavrov\u2019un Kerry\u2019e; Rusya&#8217;n\u0131n her daim bu gibi deste\u011fi temin etti\u011fini ve daha \u00f6nce de benzer destekte bulundu\u011funu belirtti\u011fini; ter\u00f6rle m\u00fccadelesi hedefinde Suriye&#8217;ye sava\u015f te\u00e7hizat\u0131 vermekten kesinlikle korkmad\u0131\u011f\u0131n\u0131 vurgulad\u0131\u011f\u0131n\u0131 aktard\u0131.<\/p>\n<p>Telefon g\u00f6r\u00fc\u015fmesinde ayr\u0131ca Lavrov\u2019un Kerry ile Ortado\u011fu&#8217;da ter\u00f6rle m\u00fccadele \u00e7abalar\u0131n\u0131n faaliyetlerini artt\u0131rma olanaklar\u0131n\u0131 g\u00f6r\u00fc\u015ft\u00fc\u011f\u00fcn\u00fc belirten Zakharova; Moskova\u2019n\u0131n bir\u00e7ok kez ABD komutas\u0131ndaki uluslar aras\u0131 koalisyonu BM denetimi alt\u0131nda Suriye h\u00fck\u00fcmeti ile i\u015fbirli\u011fine \u00e7a\u011f\u0131rd\u0131\u011f\u0131n\u0131 hat\u0131rlatt\u0131\u011f\u0131n\u0131 a\u00e7\u0131klad\u0131. Zakharova Lavrov\u2019un \u2018Suriye ordusunun I\u015e\u0130D\u2019e kar\u015f\u0131 olan ter\u00f6r \u00f6rg\u00fctlerden daha etkili ve daha faal oldu\u011fu\u2019 konusunda Kerry\u2019nin dikkatini \u00e7ekti\u011fini aktard\u0131.<\/p>\n","protected":false},"excerpt":{"rendered":"<p>MOSKOVA \u2013 Rusya D\u0131\u015fi\u015fleri Bakan\u0131 Sergey Lavrov ABD\u2019li mevkida\u015f\u0131 John Kerry\u2019nin a\u00e7\u0131klamalar\u0131na cevaben; \u2018Rusya&#8217;n\u0131n, Suriye&#8217;ye ter\u00f6rle m\u00fccadelesinde destek ama\u00e7l\u0131 olarak askeri te\u00e7hizat temin etmesinden kesinlikle korkmad\u0131\u011f\u0131n\u0131 belirtti. Rusya D\u0131\u015fi\u015fleri Bakanl\u0131\u011f\u0131 resmi s\u00f6zc\u00fcs\u00fc Maria Zakharova Kerry\u2019nin son olarak Cumartesi g\u00fcn\u00fc Lavrov ile bulundu\u011fu telefon g\u00f6r\u00fc\u015fmesinde Rusya&#8217;n\u0131n ter\u00f6rle m\u00fccadelesinde Suriye&#8217;ye sa\u011flad\u0131\u011f\u0131 deste\u011fin ger\u00e7e\u011fi hakk\u0131nda bilgi ald\u0131\u011f\u0131n\u0131 s\u00f6yledi. &hellip;<\/p>\n","protected":false},"author":1,"featured_media":45996,"comment_status":"closed","ping_status":"closed","sticky":false,"template":"","format":"standard","meta":{"footnotes":""},"categories":[458,459,447],"tags":[16616],"class_list":["post-45995","post","type-post","status-publish","format-standard","has-post-thumbnail","","category-dunya1","category-haberler-arap-uluslararasi-politika","category-politika","tag-lavrovdan-kerrye-terorle-mucadelesinde-askeri-techizat-gondermekten-korkmuyoruz"],"_links":{"self":[{"href":"https:\/\/archive.sana.sy\/tr\/index.php?rest_route=\/wp\/v2\/posts\/45995","targetHints":{"allow":["GET"]}}],"collection":[{"href":"https:\/\/archive.sana.sy\/tr\/index.php?rest_route=\/wp\/v2\/posts"}],"about":[{"href":"https:\/\/archive.sana.sy\/tr\/index.php?rest_route=\/wp\/v2\/types\/post"}],"author":[{"embeddable":true,"href":"https:\/\/archive.sana.sy\/tr\/index.php?rest_route=\/wp\/v2\/users\/1"}],"replies":[{"embeddable":true,"href":"https:\/\/archive.sana.sy\/tr\/index.php?rest_route=%2Fwp%2Fv2%2Fcomments&post=45995"}],"version-history":[{"count":0,"href":"https:\/\/archive.sana.sy\/tr\/index.php?rest_route=\/wp\/v2\/posts\/45995\/revisions"}],"wp:featuredmedia":[{"embeddable":true,"href":"https:\/\/archive.sana.sy\/tr\/index.php?rest_route=\/wp\/v2\/media\/45996"}],"wp:attachment":[{"href":"https:\/\/archive.sana.sy\/tr\/index.php?rest_route=%2Fwp%2Fv2%2Fmedia&parent=45995"}],"wp:term":[{"taxonomy":"category","embeddable":true,"href":"https:\/\/archive.sana.sy\/tr\/index.php?rest_route=%2Fwp%2Fv2%2Fcategories&post=45995"},{"taxonomy":"post_tag","embeddable":true,"href":"https:\/\/archive.sana.sy\/tr\/index.php?rest_route=%2Fwp%2Fv2%2Ftags&post=45995"}],"curies":[{"name":"wp","href":"https:\/\/api.w.org\/{rel}","templated":true}]}}