{"id":46000,"date":"2015-09-07T16:50:17","date_gmt":"2015-09-07T13:50:17","guid":{"rendered":"http:\/\/sana.sy\/tr\/?p=46000"},"modified":"2015-09-07T16:50:17","modified_gmt":"2015-09-07T13:50:17","slug":"destegimizi-ve-isbirligimizi-surdurecegiz","status":"publish","type":"post","link":"https:\/\/archive.sana.sy\/tr\/?p=46000","title":{"rendered":"Deste\u011fimizi ve \u0130\u015fbirli\u011fimizi S\u00fcrd\u00fcrece\u011fiz"},"content":{"rendered":"<p>MOSKOVA \u2013 Rusya Ba\u015fkanl\u0131k Saray\u0131 Kremlinin resmi s\u00f6zc\u00fcs\u00fc Dmitry Peskov Suriye&#8217;deki krizin \u00e7\u00f6z\u00fcm\u00fc amac\u0131yla Rusya&#8217;n\u0131n Suriye h\u00fck\u00fcmeti ile i\u015fbirli\u011fini s\u00fcrd\u00fcrd\u00fc\u011f\u00fcn\u00fc ve s\u00fcrd\u00fcrece\u011fini belirtti.<\/p>\n<p>Peskov Suriye&#8217;ye Rus askeri deste\u011finin artmas\u0131 konusunda bilgi sahibi olmad\u0131\u011f\u0131n\u0131 ifade ederken; fakat herkesin Ba\u015fkan Vladimir Putin\u2019in Suriye h\u00fck\u00fcmeti ile fiili temaslarda bulundu\u011fu ve onunla i\u015fbirli\u011fi i\u00e7inde oldu\u011fu a\u00e7\u0131klamalar\u0131n\u0131 duymu\u015f oldu\u011funa i\u015faret etti.<\/p>\n<p>Rusya Ba\u015fkan\u0131 Putin iki g\u00fcn \u00f6nce yapt\u0131\u011f\u0131 a\u00e7\u0131klamada; Rusya&#8217;n\u0131n Suriye&#8217;de siyasi \u00e7\u00f6z\u00fcm \u00e7abalar\u0131na e\u015f zamanl\u0131 olarak y\u00fcr\u00fcmesi zorunda olan ter\u00f6rle m\u00fccadele kapsam\u0131nda Suriye&#8217;ye askeri dahil ciddi deste\u011fini s\u00fcrd\u00fcrd\u00fc\u011f\u00fcn\u00fc belirtmi\u015fti.<\/p>\n","protected":false},"excerpt":{"rendered":"<p>MOSKOVA \u2013 Rusya Ba\u015fkanl\u0131k Saray\u0131 Kremlinin resmi s\u00f6zc\u00fcs\u00fc Dmitry Peskov Suriye&#8217;deki krizin \u00e7\u00f6z\u00fcm\u00fc amac\u0131yla Rusya&#8217;n\u0131n Suriye h\u00fck\u00fcmeti ile i\u015fbirli\u011fini s\u00fcrd\u00fcrd\u00fc\u011f\u00fcn\u00fc ve s\u00fcrd\u00fcrece\u011fini belirtti. Peskov Suriye&#8217;ye Rus askeri deste\u011finin artmas\u0131 konusunda bilgi sahibi olmad\u0131\u011f\u0131n\u0131 ifade ederken; fakat herkesin Ba\u015fkan Vladimir Putin\u2019in Suriye h\u00fck\u00fcmeti ile fiili temaslarda bulundu\u011fu ve onunla i\u015fbirli\u011fi i\u00e7inde oldu\u011fu a\u00e7\u0131klamalar\u0131n\u0131 duymu\u015f oldu\u011funa i\u015faret &hellip;<\/p>\n","protected":false},"author":1,"featured_media":46001,"comment_status":"closed","ping_status":"closed","sticky":false,"template":"","format":"standard","meta":{"footnotes":""},"categories":[458,459,447],"tags":[16617],"class_list":["post-46000","post","type-post","status-publish","format-standard","has-post-thumbnail","","category-dunya1","category-haberler-arap-uluslararasi-politika","category-politika","tag-destegimizi-ve-isbirligimizi-surdurecegiz"],"_links":{"self":[{"href":"https:\/\/archive.sana.sy\/tr\/index.php?rest_route=\/wp\/v2\/posts\/46000","targetHints":{"allow":["GET"]}}],"collection":[{"href":"https:\/\/archive.sana.sy\/tr\/index.php?rest_route=\/wp\/v2\/posts"}],"about":[{"href":"https:\/\/archive.sana.sy\/tr\/index.php?rest_route=\/wp\/v2\/types\/post"}],"author":[{"embeddable":true,"href":"https:\/\/archive.sana.sy\/tr\/index.php?rest_route=\/wp\/v2\/users\/1"}],"replies":[{"embeddable":true,"href":"https:\/\/archive.sana.sy\/tr\/index.php?rest_route=%2Fwp%2Fv2%2Fcomments&post=46000"}],"version-history":[{"count":0,"href":"https:\/\/archive.sana.sy\/tr\/index.php?rest_route=\/wp\/v2\/posts\/46000\/revisions"}],"wp:featuredmedia":[{"embeddable":true,"href":"https:\/\/archive.sana.sy\/tr\/index.php?rest_route=\/wp\/v2\/media\/46001"}],"wp:attachment":[{"href":"https:\/\/archive.sana.sy\/tr\/index.php?rest_route=%2Fwp%2Fv2%2Fmedia&parent=46000"}],"wp:term":[{"taxonomy":"category","embeddable":true,"href":"https:\/\/archive.sana.sy\/tr\/index.php?rest_route=%2Fwp%2Fv2%2Fcategories&post=46000"},{"taxonomy":"post_tag","embeddable":true,"href":"https:\/\/archive.sana.sy\/tr\/index.php?rest_route=%2Fwp%2Fv2%2Ftags&post=46000"}],"curies":[{"name":"wp","href":"https:\/\/api.w.org\/{rel}","templated":true}]}}