{"id":46003,"date":"2015-09-07T17:04:10","date_gmt":"2015-09-07T14:04:10","guid":{"rendered":"http:\/\/sana.sy\/tr\/?p=46003"},"modified":"2015-09-07T17:04:10","modified_gmt":"2015-09-07T14:04:10","slug":"komsu-kimi-devletlerin-davullarini-caldigi-sloganlarla-cozum-saglanamaz","status":"publish","type":"post","link":"https:\/\/archive.sana.sy\/tr\/?p=46003","title":{"rendered":"Kom\u015fu Kimi Devletlerin Davullar\u0131n\u0131 \u00c7ald\u0131\u011f\u0131 Sloganlarla \u00c7\u00f6z\u00fcm Sa\u011flanamaz"},"content":{"rendered":"<p>TAHRAN \u2013 \u0130ran D\u0131\u015fi\u015fleri Bakan\u0131 Muhammed Cevat Zarif; Suriye&#8217;de kendi \u00e7\u0131karlar\u0131 do\u011frultusunda dayatmalarda bulunma, bu \u00fclkede cumhurba\u015fkanl\u0131\u011f\u0131 se\u00e7imlerine ko\u015ful ko\u015fma ve dayatmalarda bulunmak isteyen bizzat bu taraflar\u0131n krizin \u00e7\u00f6z\u00fcm\u00fcn\u00fc engellediklerini, ter\u00f6r ve \u015fiddetin s\u00fcrmesine yol a\u00e7t\u0131klar\u0131n\u0131 belirtti.<\/p>\n<p>\u0130spanya D\u0131\u015fi\u015fleri Bakan\u0131 Jose Manuel Garcia-Margallo ile Bug\u00fcn Tahran\u2019da bulundu\u011fu temaslar\u0131n ard\u0131ndan d\u00fczenledi\u011fi ortak bas\u0131n toplant\u0131s\u0131nda Zarif; Suriye&#8217;deki krizin siyasi ve diplomatik yollarla \u00e7\u00f6z\u00fclmesi gere\u011finde \u00fclkesinin tutumunu yinelerken, Suriye halk\u0131n\u0131n kendi gelece\u011fini kendi elleriyle yap\u0131land\u0131rma hakk\u0131n\u0131 bir kez daha ifade etti.<\/p>\n<p>Zarif d\u0131\u015f taraflar\u0131n en k\u0131sa zamanda bencilliklerinden vazge\u00e7meleri ve Suriye halk\u0131n\u0131n me\u015fru haklar\u0131na sayg\u0131 g\u00f6stermeleri gerekti\u011fini alt\u0131n\u0131 \u00e7izerek; devlet kurumlar\u0131, anayasa, se\u00e7im ve ulusal uzla\u015fma arac\u0131l\u0131\u011f\u0131yla Suriye halk\u0131n\u0131n kendi gelece\u011fini belirlemesi \u00f6neminin alt\u0131n\u0131 \u00e7izdi.<\/p>\n<p>D\u0131\u015f taraflar\u0131n Suriyelilerin masum kanlar\u0131 aleyhine kendi \u00e7\u0131karlar\u0131n\u0131 hayata ge\u00e7irmekten vazge\u00e7tikleri s\u0131rada Suriye&#8217;deki krizin son bulaca\u011f\u0131n\u0131 belirten Zarif; kimi kom\u015fular\u0131n davullar\u0131n\u0131 \u00e7ald\u0131klar\u0131 sloganlarla Suriye&#8217;de g\u00fcvenlik ve istikrar\u0131 sa\u011flaman\u0131n, Suriyelilerin ac\u0131lar\u0131na son vermenin m\u00fcmk\u00fcn olmad\u0131\u011f\u0131n\u0131 vurgulad\u0131.<\/p>\n<p>Zarif Suriye&#8217;deki krizin siyasi ve diplomatik yollarla \u00e7\u00f6z\u00fclmesi y\u00f6n\u00fcnde \u0130ran ve \u0130spanya tutumlar\u0131n\u0131n yak\u0131n oldu\u011funu ifade ederken, askeri m\u00fcdahalede bulunmaya \u00e7al\u0131\u015fan devletleri bu hayallerinden vazge\u00e7melerine \u00e7a\u011f\u0131rd\u0131.<\/p>\n","protected":false},"excerpt":{"rendered":"<p>TAHRAN \u2013 \u0130ran D\u0131\u015fi\u015fleri Bakan\u0131 Muhammed Cevat Zarif; Suriye&#8217;de kendi \u00e7\u0131karlar\u0131 do\u011frultusunda dayatmalarda bulunma, bu \u00fclkede cumhurba\u015fkanl\u0131\u011f\u0131 se\u00e7imlerine ko\u015ful ko\u015fma ve dayatmalarda bulunmak isteyen bizzat bu taraflar\u0131n krizin \u00e7\u00f6z\u00fcm\u00fcn\u00fc engellediklerini, ter\u00f6r ve \u015fiddetin s\u00fcrmesine yol a\u00e7t\u0131klar\u0131n\u0131 belirtti. \u0130spanya D\u0131\u015fi\u015fleri Bakan\u0131 Jose Manuel Garcia-Margallo ile Bug\u00fcn Tahran\u2019da bulundu\u011fu temaslar\u0131n ard\u0131ndan d\u00fczenledi\u011fi ortak bas\u0131n toplant\u0131s\u0131nda Zarif; Suriye&#8217;deki &hellip;<\/p>\n","protected":false},"author":1,"featured_media":46004,"comment_status":"closed","ping_status":"closed","sticky":false,"template":"","format":"standard","meta":{"footnotes":""},"categories":[458,459,447],"tags":[16618],"class_list":["post-46003","post","type-post","status-publish","format-standard","has-post-thumbnail","","category-dunya1","category-haberler-arap-uluslararasi-politika","category-politika","tag-komsu-kimi-devletlerin-davullarini-caldigi-sloganlarla-cozum-saglanamaz"],"_links":{"self":[{"href":"https:\/\/archive.sana.sy\/tr\/index.php?rest_route=\/wp\/v2\/posts\/46003","targetHints":{"allow":["GET"]}}],"collection":[{"href":"https:\/\/archive.sana.sy\/tr\/index.php?rest_route=\/wp\/v2\/posts"}],"about":[{"href":"https:\/\/archive.sana.sy\/tr\/index.php?rest_route=\/wp\/v2\/types\/post"}],"author":[{"embeddable":true,"href":"https:\/\/archive.sana.sy\/tr\/index.php?rest_route=\/wp\/v2\/users\/1"}],"replies":[{"embeddable":true,"href":"https:\/\/archive.sana.sy\/tr\/index.php?rest_route=%2Fwp%2Fv2%2Fcomments&post=46003"}],"version-history":[{"count":0,"href":"https:\/\/archive.sana.sy\/tr\/index.php?rest_route=\/wp\/v2\/posts\/46003\/revisions"}],"wp:featuredmedia":[{"embeddable":true,"href":"https:\/\/archive.sana.sy\/tr\/index.php?rest_route=\/wp\/v2\/media\/46004"}],"wp:attachment":[{"href":"https:\/\/archive.sana.sy\/tr\/index.php?rest_route=%2Fwp%2Fv2%2Fmedia&parent=46003"}],"wp:term":[{"taxonomy":"category","embeddable":true,"href":"https:\/\/archive.sana.sy\/tr\/index.php?rest_route=%2Fwp%2Fv2%2Fcategories&post=46003"},{"taxonomy":"post_tag","embeddable":true,"href":"https:\/\/archive.sana.sy\/tr\/index.php?rest_route=%2Fwp%2Fv2%2Ftags&post=46003"}],"curies":[{"name":"wp","href":"https:\/\/api.w.org\/{rel}","templated":true}]}}